{"id":12987,"date":"2015-07-20T16:22:10","date_gmt":"2015-07-20T16:22:10","guid":{"rendered":"https:\/\/www.santjosep.net\/sant-jordi-y-sant-francesc-los-dos-bellos-pueblos-del-sur-de-sant-josep\/"},"modified":"2020-01-22T11:22:34","modified_gmt":"2020-01-22T10:22:34","slug":"sant-jordi-y-sant-francesc-los-dos-bellos-pueblos-del-sur-de-sant-josep","status":"publish","type":"post","link":"https:\/\/www.santjosep.net\/ca\/sant-jordi-y-sant-francesc-los-dos-bellos-pueblos-del-sur-de-sant-josep\/","title":{"rendered":"Sant Jordi i Sant Francesc, dos pobles preciosos del sud de Sant Josep"},"content":{"rendered":"<p>Passejar pel municipi de Sant Josep \u00e9s la millor manera de con\u00e8ixer m\u00e9s a fons tota la bellesa i l\u2019encant que amaga aquesta part de l\u2019illa. \u00c9s per aix\u00f2 que avui li dedicarem uns par\u00e0grafs als dos pobles que acabaran de completar el mapa del municipi.<\/p>\n<div id=\"new-royalslider-36\" class=\"royalSlider new-royalslider-36 rsDefaultInv rs-default-template\" style=\"width:100%;height:533px;;\" data-rs-options='{&quot;template&quot;:&quot;default&quot;,&quot;image_generation&quot;:{&quot;imageWidth&quot;:&quot;&quot;,&quot;imageHeight&quot;:&quot;&quot;,&quot;thumbImageWidth&quot;:&quot;&quot;,&quot;thumbImageHeight&quot;:&quot;&quot;},&quot;thumbs&quot;:{&quot;thumbWidth&quot;:96,&quot;thumbHeight&quot;:72},&quot;autoPlay&quot;:{&quot;delay&quot;:5000},&quot;fullscreen&quot;:{&quot;enabled&quot;:&quot;true&quot;},&quot;block&quot;:{&quot;moveOffset&quot;:20,&quot;speed&quot;:400,&quot;delay&quot;:200},&quot;width&quot;:&quot;100%&quot;,&quot;height&quot;:533,&quot;autoScaleSlider&quot;:&quot;true&quot;,&quot;autoScaleSliderHeight&quot;:533,&quot;imageScaleMode&quot;:&quot;fill&quot;,&quot;imageScalePadding&quot;:0,&quot;arrowsNavAutoHide&quot;:&quot;false&quot;,&quot;globalCaption&quot;:&quot;true&quot;,&quot;globalCaptionInside&quot;:&quot;true&quot;}'>\n<div class=\"rsContent\">\n  <img decoding=\"async\" class=\"rsImg\" src=\"https:\/\/www.santjosep.net\/wp-content\/uploads\/2015\/07\/IMG_2238-1024x682.jpg\" data-rsBigImg=\"https:\/\/www.santjosep.net\/wp-content\/uploads\/2015\/07\/IMG_2238.jpg\" alt=\"Platja d&#039;en Bossa\"\/>\n  \n  \n  \n<\/div>\n<div class=\"rsContent\">\n  <img decoding=\"async\" class=\"rsImg\" src=\"https:\/\/www.santjosep.net\/wp-content\/uploads\/2015\/07\/IMG_2253-1024x682.jpg\" data-rsBigImg=\"https:\/\/www.santjosep.net\/wp-content\/uploads\/2015\/07\/IMG_2253.jpg\" alt=\"Platja d&#039;en Bossa\"\/>\n  \n  \n  \n<\/div>\n<div class=\"rsContent\">\n  <img decoding=\"async\" class=\"rsImg\" src=\"https:\/\/www.santjosep.net\/wp-content\/uploads\/2015\/07\/IMG_9807-1024x682.jpg\" data-rsBigImg=\"https:\/\/www.santjosep.net\/wp-content\/uploads\/2015\/07\/IMG_9807.jpg\" alt=\"Platja d&#039;en Bossa\"\/>\n  \n  \n  \n<\/div>\n<div class=\"rsContent\">\n  <img decoding=\"async\" class=\"rsImg\" src=\"https:\/\/www.santjosep.net\/wp-content\/uploads\/2015\/07\/IMG_9816-1024x682.jpg\" data-rsBigImg=\"https:\/\/www.santjosep.net\/wp-content\/uploads\/2015\/07\/IMG_9816.jpg\" alt=\"Platja d&#039;en Bossa\"\/>\n  \n  \n  \n<\/div>\n\n<\/div>\n<br \/>\n[su_row] \u00a0 \u00a0[\/su_row]<\/p>\n<p>Sant Jordi de ses Salines \u00e9s el poble amb m\u00e9s habitants del municipi de Sant Josep. Aix\u00f2 \u00e9s probablement perqu\u00e8 pels volts es concentra un dels nuclis tur\u00edstics m\u00e9s grans de l\u2019illa: Platja d\u2019en Bossa, que tamb\u00e9 forma part del territori de Sant Jordi. Aquesta quantitat de poblaci\u00f3 es tradueix en un altre tipus de paisatge diferent a la resta de pobles que us hem mostrat. S\u2019hi ajunten moltes m\u00e9s cases a prop del centre del poble, tot i que encara hi \u00a0predomina el blanc impol\u00b7lut tradicional que emblanqueix les parets de les cases i la bellesa especial del camp eivissenc que envolta aquesta poblaci\u00f3.<\/p>\n<p>Sant Jordi \u00e9s un lloc amb una vida molt moguda, ja que t\u00e9 molts restaurants i botigues que es concentren especialment per la zona de carretera coneguda com Can Bellotera i al mateix centre del poble, un lloc ideal i amb propostes molt variades per sopar. No obstant aix\u00f2, el lloc amb m\u00e9s varietat de restaurants \u00e9s Platja d\u2019en Bossa, amb una oferta molt interessant i unes vistes meravelloses a la vora del mar.<\/p>\n<div id=\"new-royalslider-37\" class=\"royalSlider new-royalslider-37 rsDefaultInv rs-default-template\" style=\"width:100%;height:533px;;\" data-rs-options='{&quot;template&quot;:&quot;default&quot;,&quot;image_generation&quot;:{&quot;imageWidth&quot;:&quot;&quot;,&quot;imageHeight&quot;:&quot;&quot;,&quot;thumbImageWidth&quot;:&quot;&quot;,&quot;thumbImageHeight&quot;:&quot;&quot;},&quot;thumbs&quot;:{&quot;thumbWidth&quot;:96,&quot;thumbHeight&quot;:72},&quot;autoPlay&quot;:{&quot;delay&quot;:5000},&quot;fullscreen&quot;:{&quot;enabled&quot;:&quot;true&quot;},&quot;block&quot;:{&quot;moveOffset&quot;:20,&quot;speed&quot;:400,&quot;delay&quot;:200},&quot;width&quot;:&quot;100%&quot;,&quot;height&quot;:533,&quot;autoScaleSlider&quot;:&quot;true&quot;,&quot;autoScaleSliderHeight&quot;:533,&quot;imageScaleMode&quot;:&quot;fill&quot;,&quot;imageScalePadding&quot;:0,&quot;arrowsNavAutoHide&quot;:&quot;false&quot;,&quot;globalCaption&quot;:&quot;true&quot;,&quot;globalCaptionInside&quot;:&quot;true&quot;}'>\n<div class=\"rsContent\">\n  <img decoding=\"async\" class=\"rsImg\" src=\"https:\/\/www.santjosep.net\/wp-content\/uploads\/2015\/07\/IMG_1138-1024x682.jpg\" data-rsBigImg=\"https:\/\/www.santjosep.net\/wp-content\/uploads\/2015\/07\/IMG_1138.jpg\" alt=\"Sant Jordi\"\/>\n  \n  \n  \n<\/div>\n<div class=\"rsContent\">\n  <img decoding=\"async\" class=\"rsImg\" src=\"https:\/\/www.santjosep.net\/wp-content\/uploads\/2015\/07\/IMG_1132-1024x682.jpg\" data-rsBigImg=\"https:\/\/www.santjosep.net\/wp-content\/uploads\/2015\/07\/IMG_1132.jpg\" alt=\"Sant Jordi\"\/>\n  \n  \n  \n<\/div>\n<div class=\"rsContent\">\n  <img decoding=\"async\" class=\"rsImg\" src=\"https:\/\/www.santjosep.net\/wp-content\/uploads\/2015\/07\/IMG_1127-1024x682.jpg\" data-rsBigImg=\"https:\/\/www.santjosep.net\/wp-content\/uploads\/2015\/07\/IMG_1127.jpg\" alt=\"Sant Jordi\"\/>\n  \n  \n  \n<\/div>\n<div class=\"rsContent\">\n  <img decoding=\"async\" class=\"rsImg\" src=\"https:\/\/www.santjosep.net\/wp-content\/uploads\/2015\/07\/IMG_9936-1024x682.jpg\" data-rsBigImg=\"https:\/\/www.santjosep.net\/wp-content\/uploads\/2015\/07\/IMG_9936.jpg\" alt=\"Sant Jordi\"\/>\n  \n  \n  \n<\/div>\n<div class=\"rsContent\">\n  <img decoding=\"async\" class=\"rsImg\" src=\"https:\/\/www.santjosep.net\/wp-content\/uploads\/2015\/07\/santjordi_IMG_9933-1024x682.jpg\" data-rsBigImg=\"https:\/\/www.santjosep.net\/wp-content\/uploads\/2015\/07\/santjordi_IMG_9933.jpg\" alt=\"Sant Jordi\"\/>\n  \n  \n  \n<\/div>\n<div class=\"rsContent\">\n  <img decoding=\"async\" class=\"rsImg\" src=\"https:\/\/www.santjosep.net\/wp-content\/uploads\/2015\/07\/santjordi_IMG_9898-1024x682.jpg\" data-rsBigImg=\"https:\/\/www.santjosep.net\/wp-content\/uploads\/2015\/07\/santjordi_IMG_9898.jpg\" alt=\"Sant Jordi\"\/>\n  \n  \n  \n<\/div>\n\n<\/div>\n<br \/>\n[su_row] \u00a0 \u00a0[\/su_row]<\/p>\n<p>Si parlem de Sant Jordi, el seu protagonisme imprescindible resideix en la bellesa de la seva esgl\u00e9sia fortificada que data del segle XV. Aquesta curiosa estructura va sorgir com a resposta a les necessitats espirituals del treballadors de la salinera que es situa molt a prop del poble, ja que a l\u2019\u00e8poca en qu\u00e8 es va construir hi havia continus atacs i saquejos corsaris que aterraven la poblaci\u00f3. \u00c9s per aix\u00f2 que aquest lloc tamb\u00e9 va ser el refugi de tots els treballadors davant d\u2019una possible incursi\u00f3 pirata.<\/p>\n<p>L\u2019esgl\u00e9sia de Sant Jordi est\u00e0 constru\u00efda amb murs oblics i merlets que coronen la part superior i que li donen aquest toc de fortalesa medieval tan caracter\u00edstic. Nom\u00e9s hi ha quatre esgl\u00e9sies a l\u2019illa constru\u00efdes amb la mateixa intenci\u00f3 de protegir i aquesta n\u2019\u00e9s una d\u2019elles. A m\u00e9s, com per tot, el blanc \u00e9s el color protagonista de la seva fa\u00e7ana i algunes palmeres i flors decoren el preci\u00f3s pati que l\u2019acompanya, un lloc perfecte per fer les millors fotos del poble. Si voleu veure la parr\u00f2quia amb tot el seu esplendor, no us oblideu de visitar-la el 23 d\u2019abril, festa del patr\u00f3 que li d\u00f3na nom al poble i que ve carregat d\u2019activitats i esdeveniments on segur que no faltar\u00e0 una exhibici\u00f3 del ball tradicional, el ball pag\u00e8s.<\/p>\n<p>Un altre lloc interessant on con\u00e8ixer millor el folklore de l\u2019illa \u00e9s el pou Roig, un lloc emblem\u00e0tic molt a prop de Sant Jordi on antigament es celebrava la fi de la collita i es rendia homenatge a l\u2019aigua, un tresor molt valorat del camp eivissenc. \u00a0Tamb\u00e9 podreu gaudir d\u2019una aut\u00e8ntica xacota pagesa (festa popular amb balls i menjar t\u00edpic) el dia 9 d\u2019agost, gr\u00e0cies al fet que les agrupacions folkl\u00f2riques han intentat recuperar des de fa anys les antigues tradicions per evitar que caiguin en oblit.<\/p>\n<p>&nbsp;<\/p>\n<p>&nbsp;<\/p>\n<h2>SANT JORDI DE SES SALINES<\/h2>\n<div id=\"new-royalslider-7\" class=\"royalSlider new-royalslider-7 rsDefaultInv rs-default-template\" style=\"width:100%;height:533px;;\" data-rs-options='{&quot;template&quot;:&quot;default&quot;,&quot;image_generation&quot;:{&quot;imageWidth&quot;:&quot;&quot;,&quot;imageHeight&quot;:&quot;&quot;,&quot;thumbImageWidth&quot;:&quot;&quot;,&quot;thumbImageHeight&quot;:&quot;&quot;},&quot;thumbs&quot;:{&quot;thumbWidth&quot;:96,&quot;thumbHeight&quot;:72},&quot;autoPlay&quot;:{&quot;delay&quot;:5000},&quot;block&quot;:{&quot;moveOffset&quot;:20,&quot;speed&quot;:400,&quot;delay&quot;:200},&quot;width&quot;:&quot;100%&quot;,&quot;height&quot;:533,&quot;autoScaleSlider&quot;:&quot;true&quot;,&quot;autoScaleSliderHeight&quot;:533,&quot;imageScalePadding&quot;:0,&quot;arrowsNavAutoHide&quot;:&quot;false&quot;,&quot;globalCaption&quot;:&quot;true&quot;}'>\n<div class=\"rsContent\">\n  <img decoding=\"async\" class=\"rsImg\" src=\"https:\/\/www.santjosep.net\/wp-content\/uploads\/2014\/11\/IMG_6197-1024x682.jpg\" alt=\"Sant Francesc\"\/>\n  \n  \n  \n<\/div>\n<div class=\"rsContent\">\n  <img decoding=\"async\" class=\"rsImg\" src=\"https:\/\/www.santjosep.net\/wp-content\/uploads\/2014\/11\/IMG_0033-1024x682.jpg\" alt=\"Sant Francesc\"\/>\n  \n  \n  \n<\/div>\n<div class=\"rsContent\">\n  <img decoding=\"async\" class=\"rsImg\" src=\"https:\/\/www.santjosep.net\/wp-content\/uploads\/2014\/11\/sessalines_sunset_IMG_1413-1024x682.jpg\" alt=\"Sant Francesc\"\/>\n  \n  \n  \n<\/div>\n<div class=\"rsContent\">\n  <img decoding=\"async\" class=\"rsImg\" src=\"https:\/\/www.santjosep.net\/wp-content\/uploads\/2014\/11\/IMG_6190-1024x682.jpg\" alt=\"Sant Francesc\"\/>\n  \n  \n  \n<\/div>\n<div class=\"rsContent\">\n  <img decoding=\"async\" class=\"rsImg\" src=\"https:\/\/www.santjosep.net\/wp-content\/uploads\/2015\/07\/IMG_9796_4272-x-2848-1024x682.jpg\" alt=\"Ses Salines\"\/>\n  \n  \n  \n<\/div>\n<div class=\"rsContent\">\n  <img decoding=\"async\" class=\"rsImg\" src=\"https:\/\/www.santjosep.net\/wp-content\/uploads\/2015\/07\/IMG_9845_4272-x-28481-1024x682.jpg\" alt=\"Ses Salines\"\/>\n  \n  \n  \n<\/div>\n\n<\/div>\n<br \/>\n[su_row] \u00a0 \u00a0[\/su_row]<\/p>\n<p>Si continueu amb el vostre passeig per la zona, us podeu apropar a la ve\u00efna parr\u00f2quia de Sant Francesc de s\u2019Estany, un petit nucli a 2 km escassos de Sant Jordi en direcci\u00f3 sud cap al Parc Natural de ses Salines. Si aneu cap a les platges d\u2019aquesta zona, pot ser que aquest raconet \u00a0us passi desapercebut, ja que aquesta excepcional esgl\u00e9sia no t\u00e9 poblaci\u00f3, a difer\u00e8ncia de les altres de l\u2019illa. Nom\u00e9s existeixen un parell d\u2019establiments on fer una paradeta per fer un beure mentre gaudiu de la preciosa posta de sol que s\u2019amaga per darrere dels estanys de la salinera.<\/p>\n<p>L\u2019esgl\u00e9sia de Sant Francesc es va construir al segle XVIII amb la intenci\u00f3 de satisfer les necessitats religioses dels treballadors de la salinera i per no haver-se de despla\u00e7ar lluny del seu lloc de treball. Aix\u00f2 tamb\u00e9 passa amb la capella de la Revista, constru\u00efda en la mateixa \u00e8poca en un petit nucli de cases dels saliners situat al costat de la platja des Cavallet. Visitar l\u2019esgl\u00e9sia de Sant Francesc \u00e9s tot un espectacle per a la vista, ja que s\u2019ubica a la vora dels estanys de les salines, des d\u2019 on es poden contemplar les diferents aus migrat\u00f2ries que fan parada a l\u2019illa i t\u00e9 unes vistes a ponent incre\u00efbles. Tamb\u00e9 hi trobareu el monument dedicat als treballadors de les salines, obra del reconegut artista local Pedro Hormiguero. Si voleu visitar l\u2019interior d\u2019aquesta petita esgl\u00e9sia, tots els diumenges est\u00e0 oberta al p\u00fablic durant el servei religi\u00f3s i, a m\u00e9s a m\u00e9s, si voleu gaudir de la seva modesta festa patronal, es celebra cada any el dia 2 d\u2019abril en honor a Sant Francesc.<\/p>\n<p>Per tant, si voleu delectar-vos amb el millor dels pobles del sud de l\u2019illa, nom\u00e9s us heu d\u2019apropar per aquesta zona i deixar-vos emportar per les m\u00e0giques vistes del Parc Natural de ses Salines. Als dos pobles es respira l\u2019ess\u00e8ncia eivissenca tradicional en l\u2019arquitectura i en la manera de ser de la seva gent. S\u00f3n pobles amb molt d\u2019encant que esperen amb \u00e0nsies la vostra visita<\/p>\n<p>.<\/p>\n<p>&nbsp;<\/p>\n","protected":false},"excerpt":{"rendered":"<p>Passejar pel municipi de Sant Josep \u00e9s la millor manera de con\u00e8ixer m\u00e9s a fons tota la bellesa i l\u2019encant que amaga aquesta part de l\u2019illa. \u00c9s per aix\u00f2 que avui li dedicarem uns par\u00e0grafs als dos pobles que acabaran [&hellip;]<\/p>\n","protected":false},"author":1,"featured_media":12988,"comment_status":"open","ping_status":"open","sticky":false,"template":"","format":"standard","meta":{"_acf_changed":false,"inline_featured_image":false,"footnotes":""},"categories":[210,207],"tags":[],"class_list":["post-12987","post","type-post","status-publish","format-standard","has-post-thumbnail","hentry","category-pobles-ca","category-zones-ca"],"acf":[],"geo":null,"yoast_head":"<!-- This site is optimized with the Yoast SEO plugin v25.7 - https:\/\/yoast.com\/wordpress\/plugins\/seo\/ -->\n<title>Sant Jordi i Sant Francesc, dos pobles preciosos del sud de Sant Josep - Santjosep.net<\/title>\n<meta name=\"robots\" content=\"index, follow, max-snippet:-1, max-image-preview:large, max-video-preview:-1\" \/>\n<link rel=\"canonical\" href=\"https:\/\/www.santjosep.net\/ca\/sant-jordi-y-sant-francesc-los-dos-bellos-pueblos-del-sur-de-sant-josep\/\" \/>\n<meta property=\"og:locale\" content=\"ca_ES\" \/>\n<meta property=\"og:type\" content=\"article\" \/>\n<meta property=\"og:title\" content=\"Sant Jordi i Sant Francesc, dos pobles preciosos del sud de Sant Josep - Santjosep.net\" \/>\n<meta property=\"og:description\" content=\"Passejar pel municipi de Sant Josep \u00e9s la millor manera de con\u00e8ixer m\u00e9s a fons tota la bellesa i l\u2019encant que amaga aquesta part de l\u2019illa. \u00c9s per aix\u00f2 que avui li dedicarem uns par\u00e0grafs als dos pobles que acabaran [&hellip;]\" \/>\n<meta property=\"og:url\" content=\"https:\/\/www.santjosep.net\/ca\/sant-jordi-y-sant-francesc-los-dos-bellos-pueblos-del-sur-de-sant-josep\/\" \/>\n<meta property=\"og:site_name\" content=\"Santjosep.net\" \/>\n<meta property=\"article:published_time\" content=\"2015-07-20T16:22:10+00:00\" \/>\n<meta property=\"article:modified_time\" content=\"2020-01-22T10:22:34+00:00\" \/>\n<meta property=\"og:image\" content=\"https:\/\/www.santjosep.net\/wp-content\/uploads\/2015\/07\/IMG_1138.jpg\" \/>\n\t<meta property=\"og:image:width\" content=\"1200\" \/>\n\t<meta property=\"og:image:height\" content=\"800\" \/>\n\t<meta property=\"og:image:type\" content=\"image\/jpeg\" \/>\n<meta name=\"author\" content=\"Sant Josep\" \/>\n<meta name=\"twitter:card\" content=\"summary_large_image\" \/>\n<meta name=\"twitter:label1\" content=\"Escrit per\" \/>\n\t<meta name=\"twitter:data1\" content=\"Sant Josep\" \/>\n\t<meta name=\"twitter:label2\" content=\"Temps estimat de lectura\" \/>\n\t<meta name=\"twitter:data2\" content=\"5 minuts\" \/>\n<script type=\"application\/ld+json\" class=\"yoast-schema-graph\">{\"@context\":\"https:\/\/schema.org\",\"@graph\":[{\"@type\":\"WebPage\",\"@id\":\"https:\/\/www.santjosep.net\/ca\/sant-jordi-y-sant-francesc-los-dos-bellos-pueblos-del-sur-de-sant-josep\/\",\"url\":\"https:\/\/www.santjosep.net\/ca\/sant-jordi-y-sant-francesc-los-dos-bellos-pueblos-del-sur-de-sant-josep\/\",\"name\":\"Sant Jordi i Sant Francesc, dos pobles preciosos del sud de Sant Josep - Santjosep.net\",\"isPartOf\":{\"@id\":\"https:\/\/www.santjosep.net\/#website\"},\"primaryImageOfPage\":{\"@id\":\"https:\/\/www.santjosep.net\/ca\/sant-jordi-y-sant-francesc-los-dos-bellos-pueblos-del-sur-de-sant-josep\/#primaryimage\"},\"image\":{\"@id\":\"https:\/\/www.santjosep.net\/ca\/sant-jordi-y-sant-francesc-los-dos-bellos-pueblos-del-sur-de-sant-josep\/#primaryimage\"},\"thumbnailUrl\":\"https:\/\/www.santjosep.net\/wp-content\/uploads\/2015\/07\/IMG_1138.jpg\",\"datePublished\":\"2015-07-20T16:22:10+00:00\",\"dateModified\":\"2020-01-22T10:22:34+00:00\",\"author\":{\"@id\":\"https:\/\/www.santjosep.net\/#\/schema\/person\/b60e56f94e4e55776eb62bf4293f99b6\"},\"inLanguage\":\"ca\",\"potentialAction\":[{\"@type\":\"ReadAction\",\"target\":[\"https:\/\/www.santjosep.net\/ca\/sant-jordi-y-sant-francesc-los-dos-bellos-pueblos-del-sur-de-sant-josep\/\"]}]},{\"@type\":\"ImageObject\",\"inLanguage\":\"ca\",\"@id\":\"https:\/\/www.santjosep.net\/ca\/sant-jordi-y-sant-francesc-los-dos-bellos-pueblos-del-sur-de-sant-josep\/#primaryimage\",\"url\":\"https:\/\/www.santjosep.net\/wp-content\/uploads\/2015\/07\/IMG_1138.jpg\",\"contentUrl\":\"https:\/\/www.santjosep.net\/wp-content\/uploads\/2015\/07\/IMG_1138.jpg\",\"width\":1200,\"height\":800},{\"@type\":\"WebSite\",\"@id\":\"https:\/\/www.santjosep.net\/#website\",\"url\":\"https:\/\/www.santjosep.net\/\",\"name\":\"Santjosep.net\",\"description\":\"\",\"potentialAction\":[{\"@type\":\"SearchAction\",\"target\":{\"@type\":\"EntryPoint\",\"urlTemplate\":\"https:\/\/www.santjosep.net\/?s={search_term_string}\"},\"query-input\":{\"@type\":\"PropertyValueSpecification\",\"valueRequired\":true,\"valueName\":\"search_term_string\"}}],\"inLanguage\":\"ca\"},{\"@type\":\"Person\",\"@id\":\"https:\/\/www.santjosep.net\/#\/schema\/person\/b60e56f94e4e55776eb62bf4293f99b6\",\"name\":\"Sant Josep\",\"image\":{\"@type\":\"ImageObject\",\"inLanguage\":\"ca\",\"@id\":\"https:\/\/www.santjosep.net\/#\/schema\/person\/image\/\",\"url\":\"https:\/\/secure.gravatar.com\/avatar\/2f4071817a97d2499c5aae9674ee15015b5a3c7c0974ca84f095a8e4aadcda56?s=96&d=mm&r=g\",\"contentUrl\":\"https:\/\/secure.gravatar.com\/avatar\/2f4071817a97d2499c5aae9674ee15015b5a3c7c0974ca84f095a8e4aadcda56?s=96&d=mm&r=g\",\"caption\":\"Sant Josep\"},\"url\":\"https:\/\/www.santjosep.net\/ca\/author\/fugrafic\/\"}]}<\/script>\n<!-- \/ Yoast SEO plugin. -->","yoast_head_json":{"title":"Sant Jordi i Sant Francesc, dos pobles preciosos del sud de Sant Josep - Santjosep.net","robots":{"index":"index","follow":"follow","max-snippet":"max-snippet:-1","max-image-preview":"max-image-preview:large","max-video-preview":"max-video-preview:-1"},"canonical":"https:\/\/www.santjosep.net\/ca\/sant-jordi-y-sant-francesc-los-dos-bellos-pueblos-del-sur-de-sant-josep\/","og_locale":"ca_ES","og_type":"article","og_title":"Sant Jordi i Sant Francesc, dos pobles preciosos del sud de Sant Josep - Santjosep.net","og_description":"Passejar pel municipi de Sant Josep \u00e9s la millor manera de con\u00e8ixer m\u00e9s a fons tota la bellesa i l\u2019encant que amaga aquesta part de l\u2019illa. \u00c9s per aix\u00f2 que avui li dedicarem uns par\u00e0grafs als dos pobles que acabaran [&hellip;]","og_url":"https:\/\/www.santjosep.net\/ca\/sant-jordi-y-sant-francesc-los-dos-bellos-pueblos-del-sur-de-sant-josep\/","og_site_name":"Santjosep.net","article_published_time":"2015-07-20T16:22:10+00:00","article_modified_time":"2020-01-22T10:22:34+00:00","og_image":[{"width":1200,"height":800,"url":"https:\/\/www.santjosep.net\/wp-content\/uploads\/2015\/07\/IMG_1138.jpg","type":"image\/jpeg"}],"author":"Sant Josep","twitter_card":"summary_large_image","twitter_misc":{"Escrit per":"Sant Josep","Temps estimat de lectura":"5 minuts"},"schema":{"@context":"https:\/\/schema.org","@graph":[{"@type":"WebPage","@id":"https:\/\/www.santjosep.net\/ca\/sant-jordi-y-sant-francesc-los-dos-bellos-pueblos-del-sur-de-sant-josep\/","url":"https:\/\/www.santjosep.net\/ca\/sant-jordi-y-sant-francesc-los-dos-bellos-pueblos-del-sur-de-sant-josep\/","name":"Sant Jordi i Sant Francesc, dos pobles preciosos del sud de Sant Josep - Santjosep.net","isPartOf":{"@id":"https:\/\/www.santjosep.net\/#website"},"primaryImageOfPage":{"@id":"https:\/\/www.santjosep.net\/ca\/sant-jordi-y-sant-francesc-los-dos-bellos-pueblos-del-sur-de-sant-josep\/#primaryimage"},"image":{"@id":"https:\/\/www.santjosep.net\/ca\/sant-jordi-y-sant-francesc-los-dos-bellos-pueblos-del-sur-de-sant-josep\/#primaryimage"},"thumbnailUrl":"https:\/\/www.santjosep.net\/wp-content\/uploads\/2015\/07\/IMG_1138.jpg","datePublished":"2015-07-20T16:22:10+00:00","dateModified":"2020-01-22T10:22:34+00:00","author":{"@id":"https:\/\/www.santjosep.net\/#\/schema\/person\/b60e56f94e4e55776eb62bf4293f99b6"},"inLanguage":"ca","potentialAction":[{"@type":"ReadAction","target":["https:\/\/www.santjosep.net\/ca\/sant-jordi-y-sant-francesc-los-dos-bellos-pueblos-del-sur-de-sant-josep\/"]}]},{"@type":"ImageObject","inLanguage":"ca","@id":"https:\/\/www.santjosep.net\/ca\/sant-jordi-y-sant-francesc-los-dos-bellos-pueblos-del-sur-de-sant-josep\/#primaryimage","url":"https:\/\/www.santjosep.net\/wp-content\/uploads\/2015\/07\/IMG_1138.jpg","contentUrl":"https:\/\/www.santjosep.net\/wp-content\/uploads\/2015\/07\/IMG_1138.jpg","width":1200,"height":800},{"@type":"WebSite","@id":"https:\/\/www.santjosep.net\/#website","url":"https:\/\/www.santjosep.net\/","name":"Santjosep.net","description":"","potentialAction":[{"@type":"SearchAction","target":{"@type":"EntryPoint","urlTemplate":"https:\/\/www.santjosep.net\/?s={search_term_string}"},"query-input":{"@type":"PropertyValueSpecification","valueRequired":true,"valueName":"search_term_string"}}],"inLanguage":"ca"},{"@type":"Person","@id":"https:\/\/www.santjosep.net\/#\/schema\/person\/b60e56f94e4e55776eb62bf4293f99b6","name":"Sant Josep","image":{"@type":"ImageObject","inLanguage":"ca","@id":"https:\/\/www.santjosep.net\/#\/schema\/person\/image\/","url":"https:\/\/secure.gravatar.com\/avatar\/2f4071817a97d2499c5aae9674ee15015b5a3c7c0974ca84f095a8e4aadcda56?s=96&d=mm&r=g","contentUrl":"https:\/\/secure.gravatar.com\/avatar\/2f4071817a97d2499c5aae9674ee15015b5a3c7c0974ca84f095a8e4aadcda56?s=96&d=mm&r=g","caption":"Sant Josep"},"url":"https:\/\/www.santjosep.net\/ca\/author\/fugrafic\/"}]}},"_links":{"self":[{"href":"https:\/\/www.santjosep.net\/ca\/wp-json\/wp\/v2\/posts\/12987","targetHints":{"allow":["GET"]}}],"collection":[{"href":"https:\/\/www.santjosep.net\/ca\/wp-json\/wp\/v2\/posts"}],"about":[{"href":"https:\/\/www.santjosep.net\/ca\/wp-json\/wp\/v2\/types\/post"}],"author":[{"embeddable":true,"href":"https:\/\/www.santjosep.net\/ca\/wp-json\/wp\/v2\/users\/1"}],"replies":[{"embeddable":true,"href":"https:\/\/www.santjosep.net\/ca\/wp-json\/wp\/v2\/comments?post=12987"}],"version-history":[{"count":0,"href":"https:\/\/www.santjosep.net\/ca\/wp-json\/wp\/v2\/posts\/12987\/revisions"}],"wp:featuredmedia":[{"embeddable":true,"href":"https:\/\/www.santjosep.net\/ca\/wp-json\/wp\/v2\/media\/12988"}],"wp:attachment":[{"href":"https:\/\/www.santjosep.net\/ca\/wp-json\/wp\/v2\/media?parent=12987"}],"wp:term":[{"taxonomy":"category","embeddable":true,"href":"https:\/\/www.santjosep.net\/ca\/wp-json\/wp\/v2\/categories?post=12987"},{"taxonomy":"post_tag","embeddable":true,"href":"https:\/\/www.santjosep.net\/ca\/wp-json\/wp\/v2\/tags?post=12987"}],"curies":[{"name":"wp","href":"https:\/\/api.w.org\/{rel}","templated":true}]}}