{"id":12975,"date":"2015-12-05T16:44:15","date_gmt":"2015-12-05T16:44:15","guid":{"rendered":"https:\/\/www.santjosep.net\/10-razones-para-visitar-sant-josep-en-invierno\/"},"modified":"2020-01-22T11:22:36","modified_gmt":"2020-01-22T10:22:36","slug":"10-razones-para-visitar-sant-josep-en-invierno","status":"publish","type":"post","link":"https:\/\/www.santjosep.net\/ca\/10-razones-para-visitar-sant-josep-en-invierno\/","title":{"rendered":"10 raons per visitar Sant Josep (Eivissa) a l\u2019hivern"},"content":{"rendered":"<h2><\/h2>\n<p>&nbsp;<\/p>\n<h2>1. Sant Josep, un poble de cine<\/h2>\n<p><a href=\"https:\/\/www.santjosep.net\/wp-content\/uploads\/2015\/12\/IMG_0505.jpg\" rel=\"attachment wp-att-4968\"><img loading=\"lazy\" decoding=\"async\" class=\"alignnone size-full wp-image-4968\" src=\"https:\/\/www.santjosep.net\/wp-content\/uploads\/2015\/12\/IMG_0505.jpg\" alt=\"IMG_0505\" width=\"1200\" height=\"1170\" srcset=\"https:\/\/www.santjosep.net\/wp-content\/uploads\/2015\/12\/IMG_0505.jpg 1200w, https:\/\/www.santjosep.net\/wp-content\/uploads\/2015\/12\/IMG_0505-300x293.jpg 300w, https:\/\/www.santjosep.net\/wp-content\/uploads\/2015\/12\/IMG_0505-768x749.jpg 768w, https:\/\/www.santjosep.net\/wp-content\/uploads\/2015\/12\/IMG_0505-1024x998.jpg 1024w, https:\/\/www.santjosep.net\/wp-content\/uploads\/2015\/12\/IMG_0505-50x50.jpg 50w\" sizes=\"auto, (max-width: 1200px) 100vw, 1200px\" \/><\/a><\/p>\n<p>La tornada del cine a Sant Josep en un format bohemi que ens recorda als antics cines de barri, ha aconseguit tornar al poble la il\u00b7lusi\u00f3 per aquest art i l\u2019esplendor d\u2019antany. A m\u00e9s, la reobertura de l\u2019antic cine de Can Jeroni, avui dia convertit en Centre Cultural, fa que Sant Josep sigui un nou referent de l\u2019activitat cultural d\u2019Eivissa.<\/p>\n<p>El Tapa-Cine<\/p>\n<p>Cada divendres a les 20.30 es projecten pel\u00b7l\u00edcules de cine independent en VOSE, amb el fi de promoure l\u2019 inter\u00e8s del p\u00fablic per un cine menys comercial. L\u2019entrada \u00e9s gratu\u00efta i us podreu apropar als bars del poble a fer un beure i una tapa i gaudir d\u2019una bona vetllada comentant la pel\u00b7l\u00edcula amb els vostres amics.<\/p>\n<h2><\/h2>\n<h2>2. Film Commission<\/h2>\n<p><img loading=\"lazy\" decoding=\"async\" class=\"alignnone wp-image-9155 size-full\" src=\"https:\/\/www.santjosep.net\/wp-content\/uploads\/2017\/05\/gbnfnbfgd-1.jpg\" alt=\"gbnfnbfgd\" width=\"800\" height=\"533\" srcset=\"https:\/\/www.santjosep.net\/wp-content\/uploads\/2017\/05\/gbnfnbfgd-1.jpg 800w, https:\/\/www.santjosep.net\/wp-content\/uploads\/2017\/05\/gbnfnbfgd-1-300x200.jpg 300w, https:\/\/www.santjosep.net\/wp-content\/uploads\/2017\/05\/gbnfnbfgd-1-768x512.jpg 768w\" sizes=\"auto, (max-width: 800px) 100vw, 800px\" \/><\/p>\n<p>El paisatge natural de Sant Josep, tant la zona interior com la costanera, fan del nostre poble el millor decorat natural per al rodatge de pel\u00b7l\u00edcules, reportatges, videoclips&#8230;<\/p>\n<p>La <i>Film Commission<\/i> de Sant Josep ofereix assessorament i col\u00b7laboraci\u00f3 en tots els processos de filmaci\u00f3.<\/p>\n<p>&nbsp;<\/p>\n<h2>3. Concerts de M\u00fasica Cl\u00e0ssica<\/h2>\n<p><a href=\"https:\/\/www.santjosep.net\/wp-content\/uploads\/2015\/12\/2.jpg\" rel=\"attachment wp-att-4963\"><img loading=\"lazy\" decoding=\"async\" class=\"alignnone size-full wp-image-4963\" src=\"https:\/\/www.santjosep.net\/wp-content\/uploads\/2015\/12\/2.jpg\" alt=\"Can Blau\" width=\"1000\" height=\"750\" srcset=\"https:\/\/www.santjosep.net\/wp-content\/uploads\/2015\/12\/2.jpg 1000w, https:\/\/www.santjosep.net\/wp-content\/uploads\/2015\/12\/2-300x225.jpg 300w, https:\/\/www.santjosep.net\/wp-content\/uploads\/2015\/12\/2-768x576.jpg 768w\" sizes=\"auto, (max-width: 1000px) 100vw, 1000px\" \/><br \/>\n<\/a><\/p>\n<p>L\u2019Escola Municipal de M\u00fasica de Can Blau (<a href=\"http:\/\/www.canblau.net\">www.canblau.net<\/a>) ofereix durant tot l\u2019any diferents concerts i cicles de m\u00fasica en un marc incomparable com \u00e9s el poblet de Sant Agust\u00ed, que encara conserva l\u2019ess\u00e8ncia de l\u2019Eivissa m\u00e9s aut\u00e8ntica.<\/p>\n<p>L\u2019esgl\u00e9sia de Sant Josep, amb una ac\u00fastica sorprenent i un \u00f2rgan amb un so excel\u00b7lent, tamb\u00e9 ofereix durant tot l\u2019 hivern concerts de m\u00fasica cl\u00e0ssica per als amants del g\u00e8nere.<\/p>\n<p>&nbsp;<\/p>\n<h2>4. Exposicions d\u2019art<\/h2>\n<div id=\"new-royalslider-49\" class=\"royalSlider new-royalslider-49 rsDefaultInv rs-default-template\" style=\"width:100%;height:533px;;\" data-rs-options='{&quot;template&quot;:&quot;default&quot;,&quot;image_generation&quot;:{&quot;imageWidth&quot;:&quot;&quot;,&quot;imageHeight&quot;:&quot;&quot;,&quot;thumbImageWidth&quot;:&quot;&quot;,&quot;thumbImageHeight&quot;:&quot;&quot;},&quot;thumbs&quot;:{&quot;thumbWidth&quot;:96,&quot;thumbHeight&quot;:72},&quot;autoPlay&quot;:{&quot;delay&quot;:5000},&quot;block&quot;:{&quot;moveOffset&quot;:20,&quot;speed&quot;:400,&quot;delay&quot;:200},&quot;width&quot;:&quot;100%&quot;,&quot;height&quot;:533,&quot;autoScaleSlider&quot;:&quot;true&quot;,&quot;autoScaleSliderHeight&quot;:533,&quot;imageScaleMode&quot;:&quot;fill&quot;,&quot;imageScalePadding&quot;:0,&quot;arrowsNavAutoHide&quot;:&quot;false&quot;}'>\n<div class=\"rsContent\">\n  <img decoding=\"async\" class=\"rsImg\" src=\"https:\/\/www.santjosep.net\/wp-content\/uploads\/2016\/02\/IMG_0501-1024x683.jpg\" alt=\"IMG_0501\"\/>\n  \n  \n  \n<\/div>\n<div class=\"rsContent\">\n  <img decoding=\"async\" class=\"rsImg\" src=\"https:\/\/www.santjosep.net\/wp-content\/uploads\/2016\/02\/IMG_0490-1024x683.jpg\" alt=\"IMG_0490\"\/>\n  \n  \n  \n<\/div>\n<div class=\"rsContent\">\n  <img decoding=\"async\" class=\"rsImg\" src=\"https:\/\/www.santjosep.net\/wp-content\/uploads\/2016\/02\/IMG_0493-1024x683.jpg\" alt=\"IMG_0493\"\/>\n  \n  \n  \n<\/div>\n\n<\/div>\n\n<p>Sant Josep mant\u00e9 obertes durant tot l\u2019any les dues sales d\u2019exposicions de titularitat p\u00fablica. Can Jeroni a Sant Josep i Can Curt a Sant Agust\u00ed ofereixen exposicions amb obres d\u2019artistes locals de gran renom, inspirades en els paisatges i la gent d\u2019Eivissa. La programaci\u00f3 que s\u2019ofereix abasta des de la pintura m\u00e9s abstracta a la m\u00e9s realista, sense deixar de banda els altres estils m\u00e9s innovadors que sempre han fet d\u2019Eivissa una illa vinculada a l\u2019art m\u00e9s innovador.<\/p>\n<p>&nbsp;<\/p>\n<h2>5. Patrimoni i parcs naturals<\/h2>\n<div id=\"new-royalslider-48\" class=\"royalSlider new-royalslider-48 rsDefaultInv rs-default-template\" style=\"width:100%;height:533px;;\" data-rs-options='{&quot;template&quot;:&quot;default&quot;,&quot;image_generation&quot;:{&quot;imageWidth&quot;:&quot;&quot;,&quot;imageHeight&quot;:&quot;&quot;,&quot;thumbImageWidth&quot;:&quot;&quot;,&quot;thumbImageHeight&quot;:&quot;&quot;},&quot;thumbs&quot;:{&quot;thumbWidth&quot;:96,&quot;thumbHeight&quot;:72},&quot;autoPlay&quot;:{&quot;delay&quot;:5000},&quot;block&quot;:{&quot;moveOffset&quot;:20,&quot;speed&quot;:400,&quot;delay&quot;:200},&quot;width&quot;:&quot;100%&quot;,&quot;height&quot;:533,&quot;autoScaleSlider&quot;:&quot;true&quot;,&quot;autoScaleSliderHeight&quot;:533,&quot;imageScaleMode&quot;:&quot;fill&quot;,&quot;imageScalePadding&quot;:0,&quot;arrowsNavAutoHide&quot;:&quot;false&quot;}'>\n<div class=\"rsContent\">\n  <img decoding=\"async\" class=\"rsImg\" src=\"https:\/\/www.santjosep.net\/wp-content\/uploads\/2016\/02\/P1010352-1024x768.jpg\" alt=\"P1010352\"\/>\n  \n  \n  \n<\/div>\n<div class=\"rsContent\">\n  <img decoding=\"async\" class=\"rsImg\" src=\"https:\/\/www.santjosep.net\/wp-content\/uploads\/2016\/02\/P1010356-1024x768.jpg\" alt=\"P1010356\"\/>\n  \n  \n  \n<\/div>\n<div class=\"rsContent\">\n  <img decoding=\"async\" class=\"rsImg\" src=\"https:\/\/www.santjosep.net\/wp-content\/uploads\/2016\/02\/P1010290-1024x768.jpg\" alt=\"P1010290\"\/>\n  \n  \n  \n<\/div>\n<div class=\"rsContent\">\n  <img decoding=\"async\" class=\"rsImg\" src=\"https:\/\/www.santjosep.net\/wp-content\/uploads\/2016\/02\/DJI_0004-1024x767.jpg\" alt=\"DJI_0004\"\/>\n  \n  \n  \n<\/div>\n<div class=\"rsContent\">\n  <img decoding=\"async\" class=\"rsImg\" src=\"https:\/\/www.santjosep.net\/wp-content\/uploads\/2016\/02\/P1010320-1024x768.jpg\" alt=\"P1010320\"\/>\n  \n  \n  \n<\/div>\n<div class=\"rsContent\">\n  <img decoding=\"async\" class=\"rsImg\" src=\"https:\/\/www.santjosep.net\/wp-content\/uploads\/2016\/02\/IMG_9709-1024x683.jpg\" alt=\"IMG_9709\"\/>\n  \n  \n  \n<\/div>\n<div class=\"rsContent\">\n  <img decoding=\"async\" class=\"rsImg\" src=\"https:\/\/www.santjosep.net\/wp-content\/uploads\/2016\/02\/IMG_6167-1024x683.jpg\" alt=\"IMG_6167\"\/>\n  \n  \n  \n<\/div>\n<div class=\"rsContent\">\n  <img decoding=\"async\" class=\"rsImg\" src=\"https:\/\/www.santjosep.net\/wp-content\/uploads\/2016\/02\/IMG_9795_4272-x-2848.jpg--1024x683.jpg\" alt=\"IMG_9795_4272-x-2848.jpg\"\/>\n  \n  \n  \n<\/div>\n<div class=\"rsContent\">\n  <img decoding=\"async\" class=\"rsImg\" src=\"https:\/\/www.santjosep.net\/wp-content\/uploads\/2016\/02\/IMG_9409-1024x683.jpg\" alt=\"IMG_9409\"\/>\n  \n  \n  \n<\/div>\n<div class=\"rsContent\">\n  <img decoding=\"async\" class=\"rsImg\" src=\"https:\/\/www.santjosep.net\/wp-content\/uploads\/2016\/02\/IMG_9846_4272-x-2848-1024x683.jpg\" alt=\"IMG_9846_4272-x-2848\"\/>\n  \n  \n  \n<\/div>\n\n<\/div>\n\n<p>Esgl\u00e9sies, torres de defensa, jaciments arqueol\u00f2gics, el poblat fenici de sa Caleta, el Parc Natural de ses Salines i la Reserva Natural des Vedr\u00e0, es Vedranell i els altres illots de Ponent.<\/p>\n<p>&nbsp;<\/p>\n<h2>6. Flower Power<\/h2>\n<p><a href=\"https:\/\/www.santjosep.net\/wp-content\/uploads\/2016\/02\/flowerpower.jpg\" rel=\"attachment wp-att-4866\"><img loading=\"lazy\" decoding=\"async\" class=\"alignnone size-full wp-image-4866\" src=\"https:\/\/www.santjosep.net\/wp-content\/uploads\/2016\/02\/flowerpower.jpg\" alt=\"flowerpower\" width=\"960\" height=\"640\" srcset=\"https:\/\/www.santjosep.net\/wp-content\/uploads\/2016\/02\/flowerpower.jpg 960w, https:\/\/www.santjosep.net\/wp-content\/uploads\/2016\/02\/flowerpower-300x200.jpg 300w, https:\/\/www.santjosep.net\/wp-content\/uploads\/2016\/02\/flowerpower-768x512.jpg 768w\" sizes=\"auto, (max-width: 960px) 100vw, 960px\" \/><br \/>\n<\/a>Es celebra a Sant Josep al mar\u00e7. Una de les festes m\u00e9s divertides del nostre poble a l\u2019hivern \u00e9s la Flower Power de Sant Josep. Entre disfresses i flors, tornareu a aquella Eivissa dels anys 70, en la qual l\u2019esperit del Woodstock us far\u00e0 ballar tota la nit.<\/p>\n<p>&nbsp;<\/p>\n<h2>7. Sant Pepe Rock<\/h2>\n<p><a href=\"https:\/\/www.santjosep.net\/wp-content\/uploads\/2015\/12\/santpepe_1291376_199896463522274_166949452_o.jpg\" rel=\"attachment wp-att-4975\"><img loading=\"lazy\" decoding=\"async\" class=\"alignnone size-full wp-image-4975\" src=\"https:\/\/www.santjosep.net\/wp-content\/uploads\/2015\/12\/santpepe_1291376_199896463522274_166949452_o.jpg\" alt=\"santpepe_1291376_199896463522274_166949452_o\" width=\"1024\" height=\"689\" srcset=\"https:\/\/www.santjosep.net\/wp-content\/uploads\/2015\/12\/santpepe_1291376_199896463522274_166949452_o.jpg 1024w, https:\/\/www.santjosep.net\/wp-content\/uploads\/2015\/12\/santpepe_1291376_199896463522274_166949452_o-300x202.jpg 300w, https:\/\/www.santjosep.net\/wp-content\/uploads\/2015\/12\/santpepe_1291376_199896463522274_166949452_o-768x517.jpg 768w, https:\/\/www.santjosep.net\/wp-content\/uploads\/2015\/12\/santpepe_1291376_199896463522274_166949452_o-600x403.jpg 600w\" sizes=\"auto, (max-width: 1024px) 100vw, 1024px\" \/><br \/>\n<\/a>Sant Josep, mar\u00e7. El nostre festival \u00e9s, encara avui dia, un dels referents en la m\u00fasica rock d\u2019Eivissa. Grups nacionals i locals desfilen cada any sobre l\u2019escenari d\u2019un dels festivals m\u00e9s populars i que ofereix sons alternatius a la m\u00fasica electr\u00f2nica de l\u2019illa.<\/p>\n<p>&nbsp;<\/p>\n<h2>8. Ca\u00f1as &#8216;n&#8217; Roll<\/h2>\n<p><a href=\"https:\/\/www.santjosep.net\/wp-content\/uploads\/2015\/12\/IMG_0722.jpg\" rel=\"attachment wp-att-4981\"><img loading=\"lazy\" decoding=\"async\" class=\"alignnone size-full wp-image-4981\" src=\"https:\/\/www.santjosep.net\/wp-content\/uploads\/2015\/12\/IMG_0722.jpg\" alt=\"IMG_0722\" width=\"1200\" height=\"800\" srcset=\"https:\/\/www.santjosep.net\/wp-content\/uploads\/2015\/12\/IMG_0722.jpg 1200w, https:\/\/www.santjosep.net\/wp-content\/uploads\/2015\/12\/IMG_0722-300x200.jpg 300w, https:\/\/www.santjosep.net\/wp-content\/uploads\/2015\/12\/IMG_0722-768x512.jpg 768w, https:\/\/www.santjosep.net\/wp-content\/uploads\/2015\/12\/IMG_0722-1024x683.jpg 1024w\" sizes=\"auto, (max-width: 1200px) 100vw, 1200px\" \/><br \/>\n<\/a>Tots els caps de setmana de desembre, els carrers de Sant Josep s\u2019omplin de m\u00fasica i bon ambient. A cada rac\u00f3 del poble podreu trobar grups musicals tocant en directe mentre us mengeu alguna de les tapes preparades per a l\u2019ocasi\u00f3.<\/p>\n<p>&nbsp;<\/p>\n<h2>9. Eventos Deportivos en Invierno<\/h2>\n<p><a href=\"https:\/\/www.santjosep.net\/wp-content\/uploads\/2015\/12\/IMG_2200.jpg\" rel=\"attachment wp-att-4978\"><img loading=\"lazy\" decoding=\"async\" class=\"alignnone size-full wp-image-4978\" src=\"https:\/\/www.santjosep.net\/wp-content\/uploads\/2015\/12\/IMG_2200.jpg\" alt=\"IMG_2200\" width=\"1200\" height=\"800\" srcset=\"https:\/\/www.santjosep.net\/wp-content\/uploads\/2015\/12\/IMG_2200.jpg 1200w, https:\/\/www.santjosep.net\/wp-content\/uploads\/2015\/12\/IMG_2200-300x200.jpg 300w, https:\/\/www.santjosep.net\/wp-content\/uploads\/2015\/12\/IMG_2200-768x512.jpg 768w, https:\/\/www.santjosep.net\/wp-content\/uploads\/2015\/12\/IMG_2200-1024x683.jpg 1024w\" sizes=\"auto, (max-width: 1200px) 100vw, 1200px\" \/><br \/>\n<\/a>A Sant Josep hi ha els millors circuits de l\u2019illa per a practicar tot tipus d\u2019activitats esportives; des de n\u00e0utica o senderisme fins a rutes BTT, tennis&#8230; El paisatge del nostre municipi \u00e9s un incentiu m\u00e9s per a la pr\u00e0ctica de tot tipus d\u2019esports a l\u2019aire lliure. La cursa popular de sa Salsa, pel desembre, la cursa popular de muntanya \u2018\u2019Pujada a sa Talaia de Sant Josep\u2019\u2019, pel mar\u00e7\/abril, la \u2018\u2019Pujada a sa Capelleta d\u2019en Serra BTT\u2019\u2019, pel mar\u00e7, de cronoescalada individual, i la pujada a sa Talaia de BTT \u2018\u2019Sant Josep Xtreme\u2019\u2019, pel juny.<\/p>\n<h2>10. A m\u00e9s a m\u00e9s&#8230; oci i gastronomia<\/h2>\n<p>Visita www.ibiza.travel y\u00a0\u00a0www.santjosep.net<\/p>\n","protected":false},"excerpt":{"rendered":"<p>&nbsp; 1. Sant Josep, un poble de cine La tornada del cine a Sant Josep en un format bohemi que ens recorda als antics cines de barri, ha aconseguit tornar al poble la il\u00b7lusi\u00f3 per aquest art i l\u2019esplendor d\u2019antany. [&hellip;]<\/p>\n","protected":false},"author":1,"featured_media":12898,"comment_status":"open","ping_status":"open","sticky":false,"template":"","format":"standard","meta":{"_acf_changed":false,"inline_featured_image":false,"footnotes":""},"categories":[208,205,207],"tags":[],"class_list":["post-12975","post","type-post","status-publish","format-standard","has-post-thumbnail","hentry","category-esdeveniments-ca","category-passejades-ca","category-zones-ca"],"acf":[],"geo":null,"yoast_head":"<!-- This site is optimized with the Yoast SEO plugin v25.7 - https:\/\/yoast.com\/wordpress\/plugins\/seo\/ -->\n<title>10 raons per visitar Sant Josep (Eivissa) a l\u2019hivern - Santjosep.net<\/title>\n<meta name=\"robots\" content=\"index, follow, max-snippet:-1, max-image-preview:large, max-video-preview:-1\" \/>\n<link rel=\"canonical\" href=\"https:\/\/www.santjosep.net\/ca\/10-razones-para-visitar-sant-josep-en-invierno\/\" \/>\n<meta property=\"og:locale\" content=\"ca_ES\" \/>\n<meta property=\"og:type\" content=\"article\" \/>\n<meta property=\"og:title\" content=\"10 raons per visitar Sant Josep (Eivissa) a l\u2019hivern - Santjosep.net\" \/>\n<meta property=\"og:description\" content=\"&nbsp; 1. Sant Josep, un poble de cine La tornada del cine a Sant Josep en un format bohemi que ens recorda als antics cines de barri, ha aconseguit tornar al poble la il\u00b7lusi\u00f3 per aquest art i l\u2019esplendor d\u2019antany. [&hellip;]\" \/>\n<meta property=\"og:url\" content=\"https:\/\/www.santjosep.net\/ca\/10-razones-para-visitar-sant-josep-en-invierno\/\" \/>\n<meta property=\"og:site_name\" content=\"Santjosep.net\" \/>\n<meta property=\"article:published_time\" content=\"2015-12-05T16:44:15+00:00\" \/>\n<meta property=\"article:modified_time\" content=\"2020-01-22T10:22:36+00:00\" \/>\n<meta property=\"og:image\" content=\"https:\/\/www.santjosep.net\/wp-content\/uploads\/2016\/09\/esvedra.jpg\" \/>\n\t<meta property=\"og:image:width\" content=\"1000\" \/>\n\t<meta property=\"og:image:height\" content=\"667\" \/>\n\t<meta property=\"og:image:type\" content=\"image\/jpeg\" \/>\n<meta name=\"author\" content=\"Sant Josep\" \/>\n<meta name=\"twitter:card\" content=\"summary_large_image\" \/>\n<meta name=\"twitter:label1\" content=\"Escrit per\" \/>\n\t<meta name=\"twitter:data1\" content=\"Sant Josep\" \/>\n\t<meta name=\"twitter:label2\" content=\"Temps estimat de lectura\" \/>\n\t<meta name=\"twitter:data2\" content=\"4 minuts\" \/>\n<script type=\"application\/ld+json\" class=\"yoast-schema-graph\">{\"@context\":\"https:\/\/schema.org\",\"@graph\":[{\"@type\":\"WebPage\",\"@id\":\"https:\/\/www.santjosep.net\/ca\/10-razones-para-visitar-sant-josep-en-invierno\/\",\"url\":\"https:\/\/www.santjosep.net\/ca\/10-razones-para-visitar-sant-josep-en-invierno\/\",\"name\":\"10 raons per visitar Sant Josep (Eivissa) a l\u2019hivern - Santjosep.net\",\"isPartOf\":{\"@id\":\"https:\/\/www.santjosep.net\/#website\"},\"primaryImageOfPage\":{\"@id\":\"https:\/\/www.santjosep.net\/ca\/10-razones-para-visitar-sant-josep-en-invierno\/#primaryimage\"},\"image\":{\"@id\":\"https:\/\/www.santjosep.net\/ca\/10-razones-para-visitar-sant-josep-en-invierno\/#primaryimage\"},\"thumbnailUrl\":\"https:\/\/www.santjosep.net\/wp-content\/uploads\/2016\/09\/esvedra.jpg\",\"datePublished\":\"2015-12-05T16:44:15+00:00\",\"dateModified\":\"2020-01-22T10:22:36+00:00\",\"author\":{\"@id\":\"https:\/\/www.santjosep.net\/#\/schema\/person\/b60e56f94e4e55776eb62bf4293f99b6\"},\"inLanguage\":\"ca\",\"potentialAction\":[{\"@type\":\"ReadAction\",\"target\":[\"https:\/\/www.santjosep.net\/ca\/10-razones-para-visitar-sant-josep-en-invierno\/\"]}]},{\"@type\":\"ImageObject\",\"inLanguage\":\"ca\",\"@id\":\"https:\/\/www.santjosep.net\/ca\/10-razones-para-visitar-sant-josep-en-invierno\/#primaryimage\",\"url\":\"https:\/\/www.santjosep.net\/wp-content\/uploads\/2016\/09\/esvedra.jpg\",\"contentUrl\":\"https:\/\/www.santjosep.net\/wp-content\/uploads\/2016\/09\/esvedra.jpg\",\"width\":1000,\"height\":667},{\"@type\":\"WebSite\",\"@id\":\"https:\/\/www.santjosep.net\/#website\",\"url\":\"https:\/\/www.santjosep.net\/\",\"name\":\"Santjosep.net\",\"description\":\"\",\"potentialAction\":[{\"@type\":\"SearchAction\",\"target\":{\"@type\":\"EntryPoint\",\"urlTemplate\":\"https:\/\/www.santjosep.net\/?s={search_term_string}\"},\"query-input\":{\"@type\":\"PropertyValueSpecification\",\"valueRequired\":true,\"valueName\":\"search_term_string\"}}],\"inLanguage\":\"ca\"},{\"@type\":\"Person\",\"@id\":\"https:\/\/www.santjosep.net\/#\/schema\/person\/b60e56f94e4e55776eb62bf4293f99b6\",\"name\":\"Sant Josep\",\"image\":{\"@type\":\"ImageObject\",\"inLanguage\":\"ca\",\"@id\":\"https:\/\/www.santjosep.net\/#\/schema\/person\/image\/\",\"url\":\"https:\/\/secure.gravatar.com\/avatar\/2f4071817a97d2499c5aae9674ee15015b5a3c7c0974ca84f095a8e4aadcda56?s=96&d=mm&r=g\",\"contentUrl\":\"https:\/\/secure.gravatar.com\/avatar\/2f4071817a97d2499c5aae9674ee15015b5a3c7c0974ca84f095a8e4aadcda56?s=96&d=mm&r=g\",\"caption\":\"Sant Josep\"},\"url\":\"https:\/\/www.santjosep.net\/ca\/author\/fugrafic\/\"}]}<\/script>\n<!-- \/ Yoast SEO plugin. -->","yoast_head_json":{"title":"10 raons per visitar Sant Josep (Eivissa) a l\u2019hivern - Santjosep.net","robots":{"index":"index","follow":"follow","max-snippet":"max-snippet:-1","max-image-preview":"max-image-preview:large","max-video-preview":"max-video-preview:-1"},"canonical":"https:\/\/www.santjosep.net\/ca\/10-razones-para-visitar-sant-josep-en-invierno\/","og_locale":"ca_ES","og_type":"article","og_title":"10 raons per visitar Sant Josep (Eivissa) a l\u2019hivern - Santjosep.net","og_description":"&nbsp; 1. Sant Josep, un poble de cine La tornada del cine a Sant Josep en un format bohemi que ens recorda als antics cines de barri, ha aconseguit tornar al poble la il\u00b7lusi\u00f3 per aquest art i l\u2019esplendor d\u2019antany. [&hellip;]","og_url":"https:\/\/www.santjosep.net\/ca\/10-razones-para-visitar-sant-josep-en-invierno\/","og_site_name":"Santjosep.net","article_published_time":"2015-12-05T16:44:15+00:00","article_modified_time":"2020-01-22T10:22:36+00:00","og_image":[{"width":1000,"height":667,"url":"https:\/\/www.santjosep.net\/wp-content\/uploads\/2016\/09\/esvedra.jpg","type":"image\/jpeg"}],"author":"Sant Josep","twitter_card":"summary_large_image","twitter_misc":{"Escrit per":"Sant Josep","Temps estimat de lectura":"4 minuts"},"schema":{"@context":"https:\/\/schema.org","@graph":[{"@type":"WebPage","@id":"https:\/\/www.santjosep.net\/ca\/10-razones-para-visitar-sant-josep-en-invierno\/","url":"https:\/\/www.santjosep.net\/ca\/10-razones-para-visitar-sant-josep-en-invierno\/","name":"10 raons per visitar Sant Josep (Eivissa) a l\u2019hivern - Santjosep.net","isPartOf":{"@id":"https:\/\/www.santjosep.net\/#website"},"primaryImageOfPage":{"@id":"https:\/\/www.santjosep.net\/ca\/10-razones-para-visitar-sant-josep-en-invierno\/#primaryimage"},"image":{"@id":"https:\/\/www.santjosep.net\/ca\/10-razones-para-visitar-sant-josep-en-invierno\/#primaryimage"},"thumbnailUrl":"https:\/\/www.santjosep.net\/wp-content\/uploads\/2016\/09\/esvedra.jpg","datePublished":"2015-12-05T16:44:15+00:00","dateModified":"2020-01-22T10:22:36+00:00","author":{"@id":"https:\/\/www.santjosep.net\/#\/schema\/person\/b60e56f94e4e55776eb62bf4293f99b6"},"inLanguage":"ca","potentialAction":[{"@type":"ReadAction","target":["https:\/\/www.santjosep.net\/ca\/10-razones-para-visitar-sant-josep-en-invierno\/"]}]},{"@type":"ImageObject","inLanguage":"ca","@id":"https:\/\/www.santjosep.net\/ca\/10-razones-para-visitar-sant-josep-en-invierno\/#primaryimage","url":"https:\/\/www.santjosep.net\/wp-content\/uploads\/2016\/09\/esvedra.jpg","contentUrl":"https:\/\/www.santjosep.net\/wp-content\/uploads\/2016\/09\/esvedra.jpg","width":1000,"height":667},{"@type":"WebSite","@id":"https:\/\/www.santjosep.net\/#website","url":"https:\/\/www.santjosep.net\/","name":"Santjosep.net","description":"","potentialAction":[{"@type":"SearchAction","target":{"@type":"EntryPoint","urlTemplate":"https:\/\/www.santjosep.net\/?s={search_term_string}"},"query-input":{"@type":"PropertyValueSpecification","valueRequired":true,"valueName":"search_term_string"}}],"inLanguage":"ca"},{"@type":"Person","@id":"https:\/\/www.santjosep.net\/#\/schema\/person\/b60e56f94e4e55776eb62bf4293f99b6","name":"Sant Josep","image":{"@type":"ImageObject","inLanguage":"ca","@id":"https:\/\/www.santjosep.net\/#\/schema\/person\/image\/","url":"https:\/\/secure.gravatar.com\/avatar\/2f4071817a97d2499c5aae9674ee15015b5a3c7c0974ca84f095a8e4aadcda56?s=96&d=mm&r=g","contentUrl":"https:\/\/secure.gravatar.com\/avatar\/2f4071817a97d2499c5aae9674ee15015b5a3c7c0974ca84f095a8e4aadcda56?s=96&d=mm&r=g","caption":"Sant Josep"},"url":"https:\/\/www.santjosep.net\/ca\/author\/fugrafic\/"}]}},"_links":{"self":[{"href":"https:\/\/www.santjosep.net\/ca\/wp-json\/wp\/v2\/posts\/12975","targetHints":{"allow":["GET"]}}],"collection":[{"href":"https:\/\/www.santjosep.net\/ca\/wp-json\/wp\/v2\/posts"}],"about":[{"href":"https:\/\/www.santjosep.net\/ca\/wp-json\/wp\/v2\/types\/post"}],"author":[{"embeddable":true,"href":"https:\/\/www.santjosep.net\/ca\/wp-json\/wp\/v2\/users\/1"}],"replies":[{"embeddable":true,"href":"https:\/\/www.santjosep.net\/ca\/wp-json\/wp\/v2\/comments?post=12975"}],"version-history":[{"count":0,"href":"https:\/\/www.santjosep.net\/ca\/wp-json\/wp\/v2\/posts\/12975\/revisions"}],"wp:featuredmedia":[{"embeddable":true,"href":"https:\/\/www.santjosep.net\/ca\/wp-json\/wp\/v2\/media\/12898"}],"wp:attachment":[{"href":"https:\/\/www.santjosep.net\/ca\/wp-json\/wp\/v2\/media?parent=12975"}],"wp:term":[{"taxonomy":"category","embeddable":true,"href":"https:\/\/www.santjosep.net\/ca\/wp-json\/wp\/v2\/categories?post=12975"},{"taxonomy":"post_tag","embeddable":true,"href":"https:\/\/www.santjosep.net\/ca\/wp-json\/wp\/v2\/tags?post=12975"}],"curies":[{"name":"wp","href":"https:\/\/api.w.org\/{rel}","templated":true}]}}