{"id":12939,"date":"2016-04-25T16:06:29","date_gmt":"2016-04-25T16:06:29","guid":{"rendered":"https:\/\/www.santjosep.net\/6-ideas-una-guia-cala-dhort-ibiza\/"},"modified":"2018-07-31T14:51:41","modified_gmt":"2018-07-31T14:51:41","slug":"6-ideas-una-guia-cala-dhort-ibiza","status":"publish","type":"post","link":"https:\/\/www.santjosep.net\/ca\/6-ideas-una-guia-cala-dhort-ibiza\/","title":{"rendered":"6 idees: una guia de Cala d\u2019Hort (Eivissa)"},"content":{"rendered":"<p>Una de les platges m\u00e9s emblem\u00e0tiques d\u2019Eivissa s\u2019ubica al sud-oest del municipi de Sant Josep, cala d\u2019Hort, la privilegiada guardiana de l\u2019illot des Vedr\u00e0, icona inconfusible de l\u2019illa. Aix\u00ed doncs, avui podeu dedicar el dia sencer a aquest raconet de la nostra costa, probablement un dels paisatges m\u00e9s bonics a la vora del mar.<\/p>\n<p><!--more--><\/p>\n<h2>Menjar<\/h2>\n<p><img loading=\"lazy\" decoding=\"async\" class=\"alignnone size-large wp-image-6845\" src=\"https:\/\/www.santjosep.net\/wp-content\/uploads\/2016\/04\/caladhort_IMG_0239-1-1024x683.jpg\" alt=\"caladhort_IMG_0239\" width=\"1024\" height=\"683\" srcset=\"https:\/\/www.santjosep.net\/wp-content\/uploads\/2016\/04\/caladhort_IMG_0239-1-1024x683.jpg 1024w, https:\/\/www.santjosep.net\/wp-content\/uploads\/2016\/04\/caladhort_IMG_0239-1-300x200.jpg 300w, https:\/\/www.santjosep.net\/wp-content\/uploads\/2016\/04\/caladhort_IMG_0239-1-768x512.jpg 768w, https:\/\/www.santjosep.net\/wp-content\/uploads\/2016\/04\/caladhort_IMG_0239-1.jpg 1200w\" sizes=\"auto, (max-width: 1024px) 100vw, 1024px\" \/><\/p>\n<p>Ja hem repetit en diverses ocasions que a la costa del municipi de Sant Josep, que abasta quasi tota la meitat sud de l\u2019illa, es poden tastar els millors plats mariners de l\u2019illa. Aquest tamb\u00e9 \u00e9s el cas de Cala d\u2019Hort. Hi trobareu molts restaurants, ja sigui a peu de platja o situats sobre els penya-segats, per\u00f2 tots amb vistes espectaculars. No dubteu a demanar algun dels arrossos de les seves cartes, probablement hi tasteu una de les millors paelles de l\u2019illa que, per suposat, estar\u00e0 preparada amb el millor peix capturat a les costes eivissenques.<\/p>\n<h2>Visitar<\/h2>\n<h2><img loading=\"lazy\" decoding=\"async\" class=\"alignnone size-large wp-image-6848\" src=\"https:\/\/www.santjosep.net\/wp-content\/uploads\/2016\/04\/paissescaladhort_IMG_0251-1024x683.jpg\" alt=\"paissescaladhort_IMG_0251\" width=\"1024\" height=\"683\" srcset=\"https:\/\/www.santjosep.net\/wp-content\/uploads\/2016\/04\/paissescaladhort_IMG_0251-1024x683.jpg 1024w, https:\/\/www.santjosep.net\/wp-content\/uploads\/2016\/04\/paissescaladhort_IMG_0251-300x200.jpg 300w, https:\/\/www.santjosep.net\/wp-content\/uploads\/2016\/04\/paissescaladhort_IMG_0251-768x512.jpg 768w, https:\/\/www.santjosep.net\/wp-content\/uploads\/2016\/04\/paissescaladhort_IMG_0251.jpg 1200w\" sizes=\"auto, (max-width: 1024px) 100vw, 1024px\" \/><\/h2>\n<p>Cala d\u2019Hort, a m\u00e9s de ser una de les platges m\u00e9s boniques de la zona, tamb\u00e9 \u00e9s un lloc amb molta hist\u00f2ria. A pocs quil\u00f2metres de la platja us trobareu amb ses Pa\u00efsses de Cala d\u2019Hort, un conjunt arqueol\u00f2gic d\u2019un assentament rural fundat al segle V aC i que va perdurar fins al segle VIII de la nostra era. \u00c9s una magn\u00edfica mostra de com s\u2019organitzava la poblaci\u00f3 en l\u2019\u00e8poca fen\u00edcia, romana, i fins i tot bizantina. El jaciment compr\u00e8n una nau principal dedicada a tasques rurals com el premsat de l\u2019oliva. Tamb\u00e9 hi ha una altra edificaci\u00f3 que complia amb la funci\u00f3 d\u2019habitatge i dues necr\u00f2polis d\u2019origen rom\u00e0 i bizant\u00ed. Es tracta d\u2019una visita imprescindible per als amants de la hist\u00f2ria que s\u2019interessen pel passat de l\u2019illa.<\/p>\n<h2>Un moment<\/h2>\n<p><img loading=\"lazy\" decoding=\"async\" class=\"alignnone size-large wp-image-6851\" src=\"https:\/\/www.santjosep.net\/wp-content\/uploads\/2016\/04\/caladhort_IMG_0293-1-1024x683.jpg\" alt=\"caladhort_IMG_0293\" width=\"1024\" height=\"683\" srcset=\"https:\/\/www.santjosep.net\/wp-content\/uploads\/2016\/04\/caladhort_IMG_0293-1-1024x683.jpg 1024w, https:\/\/www.santjosep.net\/wp-content\/uploads\/2016\/04\/caladhort_IMG_0293-1-300x200.jpg 300w, https:\/\/www.santjosep.net\/wp-content\/uploads\/2016\/04\/caladhort_IMG_0293-1-768x512.jpg 768w, https:\/\/www.santjosep.net\/wp-content\/uploads\/2016\/04\/caladhort_IMG_0293-1.jpg 1200w\" sizes=\"auto, (max-width: 1024px) 100vw, 1024px\" \/>Inequ\u00edvocament, el moment m\u00e9s esperat per tots en aquesta encantadora platja \u00e9s la seva famosa posta de sol, tot un espectacle pels sentits que es converteix en un moment encara m\u00e9s incre\u00efble gr\u00e0cies al m\u00edtic illot des Vedr\u00e0, que es situa just al davant d\u2019aquesta costa. No hi ha cap estampa m\u00e9s bella que contemplar la penombra de la silueta de l\u2019illot mentre els c\u00e0lids colors van apareixent sobre l\u2019horitz\u00f3.<\/p>\n<h2>Experi\u00e8ncies<\/h2>\n<p><img loading=\"lazy\" decoding=\"async\" class=\"alignnone size-large wp-image-6854\" src=\"https:\/\/www.santjosep.net\/wp-content\/uploads\/2016\/04\/IMG_8341_kayak-1024x683.jpg\" alt=\"IMG_8341_kayak\" width=\"1024\" height=\"683\" srcset=\"https:\/\/www.santjosep.net\/wp-content\/uploads\/2016\/04\/IMG_8341_kayak-1024x683.jpg 1024w, https:\/\/www.santjosep.net\/wp-content\/uploads\/2016\/04\/IMG_8341_kayak-300x200.jpg 300w, https:\/\/www.santjosep.net\/wp-content\/uploads\/2016\/04\/IMG_8341_kayak-768x512.jpg 768w, https:\/\/www.santjosep.net\/wp-content\/uploads\/2016\/04\/IMG_8341_kayak.jpg 1200w\" sizes=\"auto, (max-width: 1024px) 100vw, 1024px\" \/><\/p>\n<p>Clarament, l\u2019experi\u00e8ncia ser\u00e0 m\u00e9s que satisfact\u00f2ria nom\u00e9s amb passar el dia en aquesta platja, per\u00f2 pot ser que us vingui de gust aprofitar-la al m\u00e0xim, m\u00e9s enll\u00e0 de banyar-vos o prendre el sol en aquesta vora tan relaxant. Una de les activitats m\u00e9s recomanables per apreciar tot el que us pot oferir aquesta zona \u00e9s el caiac, un esport aqu\u00e0tic que us permetr\u00e0 fer un passeig pel mar i aproximar-vos als illots des Vedr\u00e0 i es Vedranell per apreciar la seva immensitat m\u00e9s de prop.<\/p>\n<h2>Curiositats<\/h2>\n<p><img loading=\"lazy\" decoding=\"async\" class=\"alignnone size-full wp-image-8251\" src=\"https:\/\/www.santjosep.net\/wp-content\/uploads\/2016\/09\/esvedra.jpg\" alt=\"esvedra\" width=\"1000\" height=\"667\" srcset=\"https:\/\/www.santjosep.net\/wp-content\/uploads\/2016\/09\/esvedra.jpg 1000w, https:\/\/www.santjosep.net\/wp-content\/uploads\/2016\/09\/esvedra-300x200.jpg 300w, https:\/\/www.santjosep.net\/wp-content\/uploads\/2016\/09\/esvedra-768x512.jpg 768w\" sizes=\"auto, (max-width: 1000px) 100vw, 1000px\" \/><\/p>\n<p>Es Vedr\u00e0 \u00e9s probablement el m\u00e0xim protagonista d\u2019aquesta platja, sigueu on sigueu, sempre el podreu veure a l\u2019horitz\u00f3 de Cala d\u2019Hort. No es tracta d\u2019una pedra qualsevol, sin\u00f3 que el seu curi\u00f3s perfil ha suscitat moltes llegendes que han atret \u00a0visitants de diferents parts del m\u00f3n. Es diu que l\u2019illot \u00e9s una gran font d\u2019energia: moltes persones afirmen haver-la percebut fins a tal punt, que una de les llegendes m\u00e9s esteses \u00e9s la que conta que entre Alacant, Mallorca i es Vedr\u00e0 existeix \u2018\u2019el triangle del silenci\u2019\u2019, on mariners i avions han notat estranyes energies que han afectat el seu equipament i, fins i tot, diuen que han vist llums rares que han identificat com a ovnis. Sigui realitat o ficci\u00f3, \u00e9s clar que es Vedr\u00e0 suposa una gran font d\u2019inspiraci\u00f3 per a artistes i m\u00fasics com Mike Olfield (la portada del seu disc <i>Voyager<\/i> \u00e9s l\u2019illot) o Barbet Schroeder (director de la pel\u00b7l\u00edcula <i>More<\/i>, ambientada a Eivissa), ja que \u00e9s impossible no veure\u2019s atret per la seva aura de misteri.<\/p>\n<div id=\"new-royalslider-53\" class=\"royalSlider new-royalslider-53 rsDefaultInv rs-default-template\" style=\"width:100%;height:533px;;\" data-rs-options='{&quot;template&quot;:&quot;default&quot;,&quot;image_generation&quot;:{&quot;imageWidth&quot;:&quot;&quot;,&quot;imageHeight&quot;:&quot;&quot;,&quot;thumbImageWidth&quot;:&quot;&quot;,&quot;thumbImageHeight&quot;:&quot;&quot;},&quot;thumbs&quot;:{&quot;thumbWidth&quot;:96,&quot;thumbHeight&quot;:72},&quot;autoPlay&quot;:{&quot;delay&quot;:5000},&quot;block&quot;:{&quot;moveOffset&quot;:20,&quot;speed&quot;:400,&quot;delay&quot;:200},&quot;width&quot;:&quot;100%&quot;,&quot;height&quot;:533,&quot;autoScaleSlider&quot;:&quot;true&quot;,&quot;autoScaleSliderHeight&quot;:533,&quot;imageScaleMode&quot;:&quot;fill&quot;,&quot;imageScalePadding&quot;:0,&quot;arrowsNavAutoHide&quot;:&quot;false&quot;}'>\n<div class=\"rsContent\">\n  <img decoding=\"async\" class=\"rsImg\" src=\"https:\/\/www.santjosep.net\/wp-content\/uploads\/2017\/12\/IMG_5074-1024x683.jpg\" alt=\"IMG_5074\"\/>\n  \n  \n  \n<\/div>\n<div class=\"rsContent\">\n  <img decoding=\"async\" class=\"rsImg\" src=\"https:\/\/www.santjosep.net\/wp-content\/uploads\/2017\/12\/IMG_5054-1024x683.jpg\" alt=\"IMG_5054\"\/>\n  \n  \n  \n<\/div>\n<div class=\"rsContent\">\n  <img decoding=\"async\" class=\"rsImg\" src=\"https:\/\/www.santjosep.net\/wp-content\/uploads\/2017\/12\/IMG_5065-1024x683.jpg\" alt=\"IMG_5065\"\/>\n  \n  \n  \n<\/div>\n<div class=\"rsContent\">\n  <img decoding=\"async\" class=\"rsImg\" src=\"https:\/\/www.santjosep.net\/wp-content\/uploads\/2017\/12\/IMG_5080-1024x683.jpg\" alt=\"IMG_5080\"\/>\n  \n  \n  \n<\/div>\n<div class=\"rsContent\">\n  <img decoding=\"async\" class=\"rsImg\" src=\"https:\/\/www.santjosep.net\/wp-content\/uploads\/2017\/12\/IMG_5089-1024x683.jpg\" alt=\"IMG_5089\"\/>\n  \n  \n  \n<\/div>\n<div class=\"rsContent\">\n  <img decoding=\"async\" class=\"rsImg\" src=\"https:\/\/www.santjosep.net\/wp-content\/uploads\/2017\/12\/IMG_5102-1024x683.jpg\" alt=\"IMG_5102\"\/>\n  \n  \n  \n<\/div>\n<div class=\"rsContent\">\n  <img decoding=\"async\" class=\"rsImg\" src=\"https:\/\/www.santjosep.net\/wp-content\/uploads\/2017\/12\/P1060489-1024x768.jpg\" alt=\"P1060489\"\/>\n  \n  \n  \n<\/div>\n<div class=\"rsContent\">\n  <img decoding=\"async\" class=\"rsImg\" src=\"https:\/\/www.santjosep.net\/wp-content\/uploads\/2017\/12\/P1060490-1024x768.jpg\" alt=\"P1060490\"\/>\n  \n  \n  \n<\/div>\n<div class=\"rsContent\">\n  <img decoding=\"async\" class=\"rsImg\" src=\"https:\/\/www.santjosep.net\/wp-content\/uploads\/2017\/12\/P1060570-1024x768.jpg\" alt=\"P1060570\"\/>\n  \n  \n  \n<\/div>\n<div class=\"rsContent\">\n  <img decoding=\"async\" class=\"rsImg\" src=\"https:\/\/www.santjosep.net\/wp-content\/uploads\/2017\/12\/P1060575-1024x768.jpg\" alt=\"P1060575\"\/>\n  \n  \n  \n<\/div>\n<div class=\"rsContent\">\n  <img decoding=\"async\" class=\"rsImg\" src=\"https:\/\/www.santjosep.net\/wp-content\/uploads\/2017\/12\/P1060582-1024x768.jpg\" alt=\"P1060582\"\/>\n  \n  \n  \n<\/div>\n<div class=\"rsContent\">\n  <img decoding=\"async\" class=\"rsImg\" src=\"https:\/\/www.santjosep.net\/wp-content\/uploads\/2017\/12\/P1060583-1024x768.jpg\" alt=\"P1060583\"\/>\n  \n  \n  \n<\/div>\n<div class=\"rsContent\">\n  <img decoding=\"async\" class=\"rsImg\" src=\"https:\/\/www.santjosep.net\/wp-content\/uploads\/2017\/12\/P1060600-1024x768.jpg\" alt=\"P1060600\"\/>\n  \n  \n  \n<\/div>\n<div class=\"rsContent\">\n  <img decoding=\"async\" class=\"rsImg\" src=\"https:\/\/www.santjosep.net\/wp-content\/uploads\/2017\/12\/P1060613-1024x768.jpg\" alt=\"P1060613\"\/>\n  \n  \n  \n<\/div>\n\n<\/div>\n<br \/>\n[su_row] \u00a0 \u00a0[\/su_row]<\/p>\n<h2>Un passeig<\/h2>\n<p>En darrer lloc, una visita a Cala d\u2019Hort no culmina sense haver visitat la torre des Savinar, un imponent penya-segat situat a la costa sud de Cala d\u2019Hort i al qual es pot accedir amb un breu passeig. A m\u00e9s, hi podreu veure l\u2019espectacular oc\u00e0s que abans hem comentat des d\u2019un angle \u00fanic i elevat. Aquesta construcci\u00f3 es va finalitzar l\u2019any 1763 i era un punt de vigil\u00e0ncia clau en aquella \u00e8poca per evitar saquejos. Un lloc \u00fanic on es combina la bellesa natural de la zona amb una part important de la hist\u00f2ria eivissenca que ha sabut resistir al pas del temps.<\/p>\n","protected":false},"excerpt":{"rendered":"<p>Una de les platges m\u00e9s emblem\u00e0tiques d\u2019Eivissa s\u2019ubica al sud-oest del municipi de Sant Josep, cala d\u2019Hort, la privilegiada guardiana de l\u2019illot des Vedr\u00e0, icona inconfusible de l\u2019illa. Aix\u00ed doncs, avui podeu dedicar el dia sencer a aquest raconet de [&hellip;]<\/p>\n","protected":false},"author":1,"featured_media":19561,"comment_status":"open","ping_status":"open","sticky":false,"template":"","format":"standard","meta":{"_acf_changed":false,"inline_featured_image":false,"footnotes":""},"categories":[205,209,206],"tags":[],"class_list":["post-12939","post","type-post","status-publish","format-standard","has-post-thumbnail","hentry","category-passejades-ca","category-platjes-ca","category-rutes-ca"],"acf":[],"geo":null,"yoast_head":"<!-- This site is optimized with the Yoast SEO plugin v25.7 - https:\/\/yoast.com\/wordpress\/plugins\/seo\/ -->\n<title>6 idees: una guia de Cala d\u2019Hort (Eivissa) - Santjosep.net<\/title>\n<meta name=\"robots\" content=\"index, follow, max-snippet:-1, max-image-preview:large, max-video-preview:-1\" \/>\n<link rel=\"canonical\" href=\"https:\/\/www.santjosep.net\/ca\/6-ideas-una-guia-cala-dhort-ibiza\/\" \/>\n<meta property=\"og:locale\" content=\"ca_ES\" \/>\n<meta property=\"og:type\" content=\"article\" \/>\n<meta property=\"og:title\" content=\"6 idees: una guia de Cala d\u2019Hort (Eivissa) - Santjosep.net\" \/>\n<meta property=\"og:description\" content=\"Una de les platges m\u00e9s emblem\u00e0tiques d\u2019Eivissa s\u2019ubica al sud-oest del municipi de Sant Josep, cala d\u2019Hort, la privilegiada guardiana de l\u2019illot des Vedr\u00e0, icona inconfusible de l\u2019illa. Aix\u00ed doncs, avui podeu dedicar el dia sencer a aquest raconet de [&hellip;]\" \/>\n<meta property=\"og:url\" content=\"https:\/\/www.santjosep.net\/ca\/6-ideas-una-guia-cala-dhort-ibiza\/\" \/>\n<meta property=\"og:site_name\" content=\"Santjosep.net\" \/>\n<meta property=\"article:published_time\" content=\"2016-04-25T16:06:29+00:00\" \/>\n<meta property=\"article:modified_time\" content=\"2018-07-31T14:51:41+00:00\" \/>\n<meta property=\"og:image\" content=\"https:\/\/www.santjosep.net\/wp-content\/uploads\/2016\/04\/caladhort.jpg\" \/>\n\t<meta property=\"og:image:width\" content=\"1200\" \/>\n\t<meta property=\"og:image:height\" content=\"800\" \/>\n\t<meta property=\"og:image:type\" content=\"image\/jpeg\" \/>\n<meta name=\"author\" content=\"Sant Josep\" \/>\n<meta name=\"twitter:card\" content=\"summary_large_image\" \/>\n<meta name=\"twitter:label1\" content=\"Escrit per\" \/>\n\t<meta name=\"twitter:data1\" content=\"Sant Josep\" \/>\n\t<meta name=\"twitter:label2\" content=\"Temps estimat de lectura\" \/>\n\t<meta name=\"twitter:data2\" content=\"4 minuts\" \/>\n<script type=\"application\/ld+json\" class=\"yoast-schema-graph\">{\"@context\":\"https:\/\/schema.org\",\"@graph\":[{\"@type\":\"WebPage\",\"@id\":\"https:\/\/www.santjosep.net\/ca\/6-ideas-una-guia-cala-dhort-ibiza\/\",\"url\":\"https:\/\/www.santjosep.net\/ca\/6-ideas-una-guia-cala-dhort-ibiza\/\",\"name\":\"6 idees: una guia de Cala d\u2019Hort (Eivissa) - Santjosep.net\",\"isPartOf\":{\"@id\":\"https:\/\/www.santjosep.net\/#website\"},\"primaryImageOfPage\":{\"@id\":\"https:\/\/www.santjosep.net\/ca\/6-ideas-una-guia-cala-dhort-ibiza\/#primaryimage\"},\"image\":{\"@id\":\"https:\/\/www.santjosep.net\/ca\/6-ideas-una-guia-cala-dhort-ibiza\/#primaryimage\"},\"thumbnailUrl\":\"https:\/\/www.santjosep.net\/wp-content\/uploads\/2016\/04\/caladhort.jpg\",\"datePublished\":\"2016-04-25T16:06:29+00:00\",\"dateModified\":\"2018-07-31T14:51:41+00:00\",\"author\":{\"@id\":\"https:\/\/www.santjosep.net\/#\/schema\/person\/b60e56f94e4e55776eb62bf4293f99b6\"},\"inLanguage\":\"ca\",\"potentialAction\":[{\"@type\":\"ReadAction\",\"target\":[\"https:\/\/www.santjosep.net\/ca\/6-ideas-una-guia-cala-dhort-ibiza\/\"]}]},{\"@type\":\"ImageObject\",\"inLanguage\":\"ca\",\"@id\":\"https:\/\/www.santjosep.net\/ca\/6-ideas-una-guia-cala-dhort-ibiza\/#primaryimage\",\"url\":\"https:\/\/www.santjosep.net\/wp-content\/uploads\/2016\/04\/caladhort.jpg\",\"contentUrl\":\"https:\/\/www.santjosep.net\/wp-content\/uploads\/2016\/04\/caladhort.jpg\",\"width\":1200,\"height\":800},{\"@type\":\"WebSite\",\"@id\":\"https:\/\/www.santjosep.net\/#website\",\"url\":\"https:\/\/www.santjosep.net\/\",\"name\":\"Santjosep.net\",\"description\":\"\",\"potentialAction\":[{\"@type\":\"SearchAction\",\"target\":{\"@type\":\"EntryPoint\",\"urlTemplate\":\"https:\/\/www.santjosep.net\/?s={search_term_string}\"},\"query-input\":{\"@type\":\"PropertyValueSpecification\",\"valueRequired\":true,\"valueName\":\"search_term_string\"}}],\"inLanguage\":\"ca\"},{\"@type\":\"Person\",\"@id\":\"https:\/\/www.santjosep.net\/#\/schema\/person\/b60e56f94e4e55776eb62bf4293f99b6\",\"name\":\"Sant Josep\",\"image\":{\"@type\":\"ImageObject\",\"inLanguage\":\"ca\",\"@id\":\"https:\/\/www.santjosep.net\/#\/schema\/person\/image\/\",\"url\":\"https:\/\/secure.gravatar.com\/avatar\/2f4071817a97d2499c5aae9674ee15015b5a3c7c0974ca84f095a8e4aadcda56?s=96&d=mm&r=g\",\"contentUrl\":\"https:\/\/secure.gravatar.com\/avatar\/2f4071817a97d2499c5aae9674ee15015b5a3c7c0974ca84f095a8e4aadcda56?s=96&d=mm&r=g\",\"caption\":\"Sant Josep\"},\"url\":\"https:\/\/www.santjosep.net\/ca\/author\/fugrafic\/\"}]}<\/script>\n<!-- \/ Yoast SEO plugin. -->","yoast_head_json":{"title":"6 idees: una guia de Cala d\u2019Hort (Eivissa) - Santjosep.net","robots":{"index":"index","follow":"follow","max-snippet":"max-snippet:-1","max-image-preview":"max-image-preview:large","max-video-preview":"max-video-preview:-1"},"canonical":"https:\/\/www.santjosep.net\/ca\/6-ideas-una-guia-cala-dhort-ibiza\/","og_locale":"ca_ES","og_type":"article","og_title":"6 idees: una guia de Cala d\u2019Hort (Eivissa) - Santjosep.net","og_description":"Una de les platges m\u00e9s emblem\u00e0tiques d\u2019Eivissa s\u2019ubica al sud-oest del municipi de Sant Josep, cala d\u2019Hort, la privilegiada guardiana de l\u2019illot des Vedr\u00e0, icona inconfusible de l\u2019illa. Aix\u00ed doncs, avui podeu dedicar el dia sencer a aquest raconet de [&hellip;]","og_url":"https:\/\/www.santjosep.net\/ca\/6-ideas-una-guia-cala-dhort-ibiza\/","og_site_name":"Santjosep.net","article_published_time":"2016-04-25T16:06:29+00:00","article_modified_time":"2018-07-31T14:51:41+00:00","og_image":[{"width":1200,"height":800,"url":"https:\/\/www.santjosep.net\/wp-content\/uploads\/2016\/04\/caladhort.jpg","type":"image\/jpeg"}],"author":"Sant Josep","twitter_card":"summary_large_image","twitter_misc":{"Escrit per":"Sant Josep","Temps estimat de lectura":"4 minuts"},"schema":{"@context":"https:\/\/schema.org","@graph":[{"@type":"WebPage","@id":"https:\/\/www.santjosep.net\/ca\/6-ideas-una-guia-cala-dhort-ibiza\/","url":"https:\/\/www.santjosep.net\/ca\/6-ideas-una-guia-cala-dhort-ibiza\/","name":"6 idees: una guia de Cala d\u2019Hort (Eivissa) - Santjosep.net","isPartOf":{"@id":"https:\/\/www.santjosep.net\/#website"},"primaryImageOfPage":{"@id":"https:\/\/www.santjosep.net\/ca\/6-ideas-una-guia-cala-dhort-ibiza\/#primaryimage"},"image":{"@id":"https:\/\/www.santjosep.net\/ca\/6-ideas-una-guia-cala-dhort-ibiza\/#primaryimage"},"thumbnailUrl":"https:\/\/www.santjosep.net\/wp-content\/uploads\/2016\/04\/caladhort.jpg","datePublished":"2016-04-25T16:06:29+00:00","dateModified":"2018-07-31T14:51:41+00:00","author":{"@id":"https:\/\/www.santjosep.net\/#\/schema\/person\/b60e56f94e4e55776eb62bf4293f99b6"},"inLanguage":"ca","potentialAction":[{"@type":"ReadAction","target":["https:\/\/www.santjosep.net\/ca\/6-ideas-una-guia-cala-dhort-ibiza\/"]}]},{"@type":"ImageObject","inLanguage":"ca","@id":"https:\/\/www.santjosep.net\/ca\/6-ideas-una-guia-cala-dhort-ibiza\/#primaryimage","url":"https:\/\/www.santjosep.net\/wp-content\/uploads\/2016\/04\/caladhort.jpg","contentUrl":"https:\/\/www.santjosep.net\/wp-content\/uploads\/2016\/04\/caladhort.jpg","width":1200,"height":800},{"@type":"WebSite","@id":"https:\/\/www.santjosep.net\/#website","url":"https:\/\/www.santjosep.net\/","name":"Santjosep.net","description":"","potentialAction":[{"@type":"SearchAction","target":{"@type":"EntryPoint","urlTemplate":"https:\/\/www.santjosep.net\/?s={search_term_string}"},"query-input":{"@type":"PropertyValueSpecification","valueRequired":true,"valueName":"search_term_string"}}],"inLanguage":"ca"},{"@type":"Person","@id":"https:\/\/www.santjosep.net\/#\/schema\/person\/b60e56f94e4e55776eb62bf4293f99b6","name":"Sant Josep","image":{"@type":"ImageObject","inLanguage":"ca","@id":"https:\/\/www.santjosep.net\/#\/schema\/person\/image\/","url":"https:\/\/secure.gravatar.com\/avatar\/2f4071817a97d2499c5aae9674ee15015b5a3c7c0974ca84f095a8e4aadcda56?s=96&d=mm&r=g","contentUrl":"https:\/\/secure.gravatar.com\/avatar\/2f4071817a97d2499c5aae9674ee15015b5a3c7c0974ca84f095a8e4aadcda56?s=96&d=mm&r=g","caption":"Sant Josep"},"url":"https:\/\/www.santjosep.net\/ca\/author\/fugrafic\/"}]}},"_links":{"self":[{"href":"https:\/\/www.santjosep.net\/ca\/wp-json\/wp\/v2\/posts\/12939","targetHints":{"allow":["GET"]}}],"collection":[{"href":"https:\/\/www.santjosep.net\/ca\/wp-json\/wp\/v2\/posts"}],"about":[{"href":"https:\/\/www.santjosep.net\/ca\/wp-json\/wp\/v2\/types\/post"}],"author":[{"embeddable":true,"href":"https:\/\/www.santjosep.net\/ca\/wp-json\/wp\/v2\/users\/1"}],"replies":[{"embeddable":true,"href":"https:\/\/www.santjosep.net\/ca\/wp-json\/wp\/v2\/comments?post=12939"}],"version-history":[{"count":0,"href":"https:\/\/www.santjosep.net\/ca\/wp-json\/wp\/v2\/posts\/12939\/revisions"}],"wp:featuredmedia":[{"embeddable":true,"href":"https:\/\/www.santjosep.net\/ca\/wp-json\/wp\/v2\/media\/19561"}],"wp:attachment":[{"href":"https:\/\/www.santjosep.net\/ca\/wp-json\/wp\/v2\/media?parent=12939"}],"wp:term":[{"taxonomy":"category","embeddable":true,"href":"https:\/\/www.santjosep.net\/ca\/wp-json\/wp\/v2\/categories?post=12939"},{"taxonomy":"post_tag","embeddable":true,"href":"https:\/\/www.santjosep.net\/ca\/wp-json\/wp\/v2\/tags?post=12939"}],"curies":[{"name":"wp","href":"https:\/\/api.w.org\/{rel}","templated":true}]}}