{"id":12923,"date":"2016-07-21T07:38:32","date_gmt":"2016-07-21T07:38:32","guid":{"rendered":"https:\/\/www.santjosep.net\/cala-dhort-sant-josep-ibiza\/"},"modified":"2018-07-31T14:18:18","modified_gmt":"2018-07-31T14:18:18","slug":"cala-dhort-sant-josep-ibiza","status":"publish","type":"post","link":"https:\/\/www.santjosep.net\/ca\/cala-dhort-sant-josep-ibiza\/","title":{"rendered":"La platja de Cala d\u2019Hort a Sant Josep- Eivissa"},"content":{"rendered":"<p>La platja de Cala d\u2019Hort, just al davant des Vedr\u00e0, \u00e9s un dels llocs m\u00e9s emblem\u00e0tics de l\u2019illa d\u2019Eivissa. Situada al sud-oest de l\u2019illa, la seva costa est\u00e0 plena d\u2019abruptes penya-segats. Les seves aig\u00fces s\u00f3n tranquil\u00b7les, de sorra blanca i d\u2019una transpar\u00e8ncia espectacular. La gastronomia local tamb\u00e9 \u00e9s un punt fort d\u2019aquesta platja, ja que als seus restaurants es pot tastar la cuina aut\u00f2ctona marinera. Sens dubte, \u00e9s un lloc \u00fanic per gaudir d\u2019un dia de platja a Eivissa.<\/p>\n","protected":false},"excerpt":{"rendered":"<p>La platja de Cala d\u2019Hort, just al davant des Vedr\u00e0, \u00e9s un dels llocs m\u00e9s emblem\u00e0tics de l\u2019illa d\u2019Eivissa. Situada al sud-oest de l\u2019illa, la seva costa est\u00e0 plena d\u2019abruptes penya-segats. Les seves aig\u00fces s\u00f3n tranquil\u00b7les, de sorra blanca i [&hellip;]<\/p>\n","protected":false},"author":1,"featured_media":12924,"comment_status":"open","ping_status":"open","sticky":false,"template":"","format":"video","meta":{"_acf_changed":false,"inline_featured_image":false,"footnotes":""},"categories":[209,206,212,207],"tags":[],"class_list":["post-12923","post","type-post","status-publish","format-video","has-post-thumbnail","hentry","category-platjes-ca","category-rutes-ca","category-video-ca","category-zones-ca","post_format-post-format-video"],"acf":[],"geo":null,"yoast_head":"<!-- This site is optimized with the Yoast SEO plugin v25.7 - https:\/\/yoast.com\/wordpress\/plugins\/seo\/ -->\n<title>La platja de Cala d\u2019Hort a Sant Josep- Eivissa - Santjosep.net<\/title>\n<meta name=\"description\" content=\"La playa de Cala d&#039;Hort frente al islote de Es Vedr\u00e0 es uno de los lugares m\u00e1s emblem\u00e1ticos de la isla de Ibiza.\" \/>\n<meta name=\"robots\" content=\"index, follow, max-snippet:-1, max-image-preview:large, max-video-preview:-1\" \/>\n<link rel=\"canonical\" href=\"https:\/\/www.santjosep.net\/ca\/cala-dhort-sant-josep-ibiza\/\" \/>\n<meta property=\"og:locale\" content=\"ca_ES\" \/>\n<meta property=\"og:type\" content=\"article\" \/>\n<meta property=\"og:title\" content=\"La platja de Cala d\u2019Hort a Sant Josep- Eivissa - Santjosep.net\" \/>\n<meta property=\"og:description\" content=\"La playa de Cala d&#039;Hort frente al islote de Es Vedr\u00e0 es uno de los lugares m\u00e1s emblem\u00e1ticos de la isla de Ibiza.\" \/>\n<meta property=\"og:url\" content=\"https:\/\/www.santjosep.net\/ca\/cala-dhort-sant-josep-ibiza\/\" \/>\n<meta property=\"og:site_name\" content=\"Santjosep.net\" \/>\n<meta property=\"article:published_time\" content=\"2016-07-21T07:38:32+00:00\" \/>\n<meta property=\"article:modified_time\" content=\"2018-07-31T14:18:18+00:00\" \/>\n<meta property=\"og:image\" content=\"https:\/\/www.santjosep.net\/wp-content\/uploads\/2016\/07\/covercaladhort.jpg\" \/>\n\t<meta property=\"og:image:width\" content=\"1000\" \/>\n\t<meta property=\"og:image:height\" content=\"667\" \/>\n\t<meta property=\"og:image:type\" content=\"image\/jpeg\" \/>\n<meta name=\"author\" content=\"Sant Josep\" \/>\n<meta name=\"twitter:card\" content=\"summary_large_image\" \/>\n<meta name=\"twitter:label1\" content=\"Escrit per\" \/>\n\t<meta name=\"twitter:data1\" content=\"Sant Josep\" \/>\n<script type=\"application\/ld+json\" class=\"yoast-schema-graph\">{\"@context\":\"https:\/\/schema.org\",\"@graph\":[{\"@type\":\"WebPage\",\"@id\":\"https:\/\/www.santjosep.net\/ca\/cala-dhort-sant-josep-ibiza\/\",\"url\":\"https:\/\/www.santjosep.net\/ca\/cala-dhort-sant-josep-ibiza\/\",\"name\":\"La platja de Cala d\u2019Hort a Sant Josep- Eivissa - Santjosep.net\",\"isPartOf\":{\"@id\":\"https:\/\/www.santjosep.net\/#website\"},\"primaryImageOfPage\":{\"@id\":\"https:\/\/www.santjosep.net\/ca\/cala-dhort-sant-josep-ibiza\/#primaryimage\"},\"image\":{\"@id\":\"https:\/\/www.santjosep.net\/ca\/cala-dhort-sant-josep-ibiza\/#primaryimage\"},\"thumbnailUrl\":\"https:\/\/www.santjosep.net\/wp-content\/uploads\/2016\/07\/covercaladhort.jpg\",\"datePublished\":\"2016-07-21T07:38:32+00:00\",\"dateModified\":\"2018-07-31T14:18:18+00:00\",\"author\":{\"@id\":\"https:\/\/www.santjosep.net\/#\/schema\/person\/b60e56f94e4e55776eb62bf4293f99b6\"},\"description\":\"La playa de Cala d'Hort frente al islote de Es Vedr\u00e0 es uno de los lugares m\u00e1s emblem\u00e1ticos de la isla de Ibiza.\",\"inLanguage\":\"ca\",\"potentialAction\":[{\"@type\":\"ReadAction\",\"target\":[\"https:\/\/www.santjosep.net\/ca\/cala-dhort-sant-josep-ibiza\/\"]}]},{\"@type\":\"ImageObject\",\"inLanguage\":\"ca\",\"@id\":\"https:\/\/www.santjosep.net\/ca\/cala-dhort-sant-josep-ibiza\/#primaryimage\",\"url\":\"https:\/\/www.santjosep.net\/wp-content\/uploads\/2016\/07\/covercaladhort.jpg\",\"contentUrl\":\"https:\/\/www.santjosep.net\/wp-content\/uploads\/2016\/07\/covercaladhort.jpg\",\"width\":1000,\"height\":667},{\"@type\":\"WebSite\",\"@id\":\"https:\/\/www.santjosep.net\/#website\",\"url\":\"https:\/\/www.santjosep.net\/\",\"name\":\"Santjosep.net\",\"description\":\"\",\"potentialAction\":[{\"@type\":\"SearchAction\",\"target\":{\"@type\":\"EntryPoint\",\"urlTemplate\":\"https:\/\/www.santjosep.net\/?s={search_term_string}\"},\"query-input\":{\"@type\":\"PropertyValueSpecification\",\"valueRequired\":true,\"valueName\":\"search_term_string\"}}],\"inLanguage\":\"ca\"},{\"@type\":\"Person\",\"@id\":\"https:\/\/www.santjosep.net\/#\/schema\/person\/b60e56f94e4e55776eb62bf4293f99b6\",\"name\":\"Sant Josep\",\"image\":{\"@type\":\"ImageObject\",\"inLanguage\":\"ca\",\"@id\":\"https:\/\/www.santjosep.net\/#\/schema\/person\/image\/\",\"url\":\"https:\/\/secure.gravatar.com\/avatar\/2f4071817a97d2499c5aae9674ee15015b5a3c7c0974ca84f095a8e4aadcda56?s=96&d=mm&r=g\",\"contentUrl\":\"https:\/\/secure.gravatar.com\/avatar\/2f4071817a97d2499c5aae9674ee15015b5a3c7c0974ca84f095a8e4aadcda56?s=96&d=mm&r=g\",\"caption\":\"Sant Josep\"},\"url\":\"https:\/\/www.santjosep.net\/ca\/author\/fugrafic\/\"}]}<\/script>\n<!-- \/ Yoast SEO plugin. -->","yoast_head_json":{"title":"La platja de Cala d\u2019Hort a Sant Josep- Eivissa - Santjosep.net","description":"La playa de Cala d'Hort frente al islote de Es Vedr\u00e0 es uno de los lugares m\u00e1s emblem\u00e1ticos de la isla de Ibiza.","robots":{"index":"index","follow":"follow","max-snippet":"max-snippet:-1","max-image-preview":"max-image-preview:large","max-video-preview":"max-video-preview:-1"},"canonical":"https:\/\/www.santjosep.net\/ca\/cala-dhort-sant-josep-ibiza\/","og_locale":"ca_ES","og_type":"article","og_title":"La platja de Cala d\u2019Hort a Sant Josep- Eivissa - Santjosep.net","og_description":"La playa de Cala d'Hort frente al islote de Es Vedr\u00e0 es uno de los lugares m\u00e1s emblem\u00e1ticos de la isla de Ibiza.","og_url":"https:\/\/www.santjosep.net\/ca\/cala-dhort-sant-josep-ibiza\/","og_site_name":"Santjosep.net","article_published_time":"2016-07-21T07:38:32+00:00","article_modified_time":"2018-07-31T14:18:18+00:00","og_image":[{"width":1000,"height":667,"url":"https:\/\/www.santjosep.net\/wp-content\/uploads\/2016\/07\/covercaladhort.jpg","type":"image\/jpeg"}],"author":"Sant Josep","twitter_card":"summary_large_image","twitter_misc":{"Escrit per":"Sant Josep"},"schema":{"@context":"https:\/\/schema.org","@graph":[{"@type":"WebPage","@id":"https:\/\/www.santjosep.net\/ca\/cala-dhort-sant-josep-ibiza\/","url":"https:\/\/www.santjosep.net\/ca\/cala-dhort-sant-josep-ibiza\/","name":"La platja de Cala d\u2019Hort a Sant Josep- Eivissa - Santjosep.net","isPartOf":{"@id":"https:\/\/www.santjosep.net\/#website"},"primaryImageOfPage":{"@id":"https:\/\/www.santjosep.net\/ca\/cala-dhort-sant-josep-ibiza\/#primaryimage"},"image":{"@id":"https:\/\/www.santjosep.net\/ca\/cala-dhort-sant-josep-ibiza\/#primaryimage"},"thumbnailUrl":"https:\/\/www.santjosep.net\/wp-content\/uploads\/2016\/07\/covercaladhort.jpg","datePublished":"2016-07-21T07:38:32+00:00","dateModified":"2018-07-31T14:18:18+00:00","author":{"@id":"https:\/\/www.santjosep.net\/#\/schema\/person\/b60e56f94e4e55776eb62bf4293f99b6"},"description":"La playa de Cala d'Hort frente al islote de Es Vedr\u00e0 es uno de los lugares m\u00e1s emblem\u00e1ticos de la isla de Ibiza.","inLanguage":"ca","potentialAction":[{"@type":"ReadAction","target":["https:\/\/www.santjosep.net\/ca\/cala-dhort-sant-josep-ibiza\/"]}]},{"@type":"ImageObject","inLanguage":"ca","@id":"https:\/\/www.santjosep.net\/ca\/cala-dhort-sant-josep-ibiza\/#primaryimage","url":"https:\/\/www.santjosep.net\/wp-content\/uploads\/2016\/07\/covercaladhort.jpg","contentUrl":"https:\/\/www.santjosep.net\/wp-content\/uploads\/2016\/07\/covercaladhort.jpg","width":1000,"height":667},{"@type":"WebSite","@id":"https:\/\/www.santjosep.net\/#website","url":"https:\/\/www.santjosep.net\/","name":"Santjosep.net","description":"","potentialAction":[{"@type":"SearchAction","target":{"@type":"EntryPoint","urlTemplate":"https:\/\/www.santjosep.net\/?s={search_term_string}"},"query-input":{"@type":"PropertyValueSpecification","valueRequired":true,"valueName":"search_term_string"}}],"inLanguage":"ca"},{"@type":"Person","@id":"https:\/\/www.santjosep.net\/#\/schema\/person\/b60e56f94e4e55776eb62bf4293f99b6","name":"Sant Josep","image":{"@type":"ImageObject","inLanguage":"ca","@id":"https:\/\/www.santjosep.net\/#\/schema\/person\/image\/","url":"https:\/\/secure.gravatar.com\/avatar\/2f4071817a97d2499c5aae9674ee15015b5a3c7c0974ca84f095a8e4aadcda56?s=96&d=mm&r=g","contentUrl":"https:\/\/secure.gravatar.com\/avatar\/2f4071817a97d2499c5aae9674ee15015b5a3c7c0974ca84f095a8e4aadcda56?s=96&d=mm&r=g","caption":"Sant Josep"},"url":"https:\/\/www.santjosep.net\/ca\/author\/fugrafic\/"}]}},"_links":{"self":[{"href":"https:\/\/www.santjosep.net\/ca\/wp-json\/wp\/v2\/posts\/12923","targetHints":{"allow":["GET"]}}],"collection":[{"href":"https:\/\/www.santjosep.net\/ca\/wp-json\/wp\/v2\/posts"}],"about":[{"href":"https:\/\/www.santjosep.net\/ca\/wp-json\/wp\/v2\/types\/post"}],"author":[{"embeddable":true,"href":"https:\/\/www.santjosep.net\/ca\/wp-json\/wp\/v2\/users\/1"}],"replies":[{"embeddable":true,"href":"https:\/\/www.santjosep.net\/ca\/wp-json\/wp\/v2\/comments?post=12923"}],"version-history":[{"count":0,"href":"https:\/\/www.santjosep.net\/ca\/wp-json\/wp\/v2\/posts\/12923\/revisions"}],"wp:featuredmedia":[{"embeddable":true,"href":"https:\/\/www.santjosep.net\/ca\/wp-json\/wp\/v2\/media\/12924"}],"wp:attachment":[{"href":"https:\/\/www.santjosep.net\/ca\/wp-json\/wp\/v2\/media?parent=12923"}],"wp:term":[{"taxonomy":"category","embeddable":true,"href":"https:\/\/www.santjosep.net\/ca\/wp-json\/wp\/v2\/categories?post=12923"},{"taxonomy":"post_tag","embeddable":true,"href":"https:\/\/www.santjosep.net\/ca\/wp-json\/wp\/v2\/tags?post=12923"}],"curies":[{"name":"wp","href":"https:\/\/api.w.org\/{rel}","templated":true}]}}