{"id":12889,"date":"2016-08-10T14:59:57","date_gmt":"2016-08-10T14:59:57","guid":{"rendered":"https:\/\/www.santjosep.net\/72-horas-en-sant-josep-ibiza-parte-1\/"},"modified":"2020-01-22T11:22:47","modified_gmt":"2020-01-22T10:22:47","slug":"72-hores-a-sant-josep-ibiza-part-1","status":"publish","type":"post","link":"https:\/\/www.santjosep.net\/ca\/72-hores-a-sant-josep-ibiza-part-1\/","title":{"rendered":"72 hores a Sant Josep- Eivissa (part 1)"},"content":{"rendered":"<p>Ja \u00e9s hora de fer una escapadeta, tot i que nom\u00e9s sigui el cap de setmana, per poder desconnectar de la rutina di\u00e0ria. No hi ha un lloc millor que la m\u00e0gica illa d\u2019<b>Eivissa<\/b> per descansar i divertir-se durant els mesos de m\u00e9s calor.<\/p>\n<p>Eivissa t\u00e9 una infinitat de racons per perdre\u2019s i gaudir de les vacances estivals, per\u00f2 si veniu pocs dies, us proposem una guia ideal per descobrir les meravelles del municipi de <b>Sant Josep<\/b> en 72 hores. No us perdeu tot el que us pot oferir aquesta illa.<\/p>\n<p>&nbsp;<\/p>\n<h2>Divendres<\/h2>\n<p><strong>11 h.<\/strong> Segur que des de l\u2019avi\u00f3, mentre aterr\u00e0veu, ja heu pogut comprovar que la vostra destinaci\u00f3 \u00e9s un lloc de bellesa incalculable, per\u00f2 abans d\u2019explorar-la, cal que us instal\u00b7leu a l\u2019hotel i deixeu l\u2019equipatge. <b>Sant Josep<\/b> t\u00e9 diverses zones tur\u00edstiques on allotjar-se, a m\u00e9s de diferents establiments rurals perduts pel camp. Principalment, us trobareu la majoria dels hotels del municipi concentrats a la zona de <b>Platja d\u2019en Bossa<\/b>, <b>Cala de Bou<\/b> i a <b>Cala Tarida<\/b> i <b>Cala Vedella<\/b>. Qualsevol d\u2019aquest llocs ser\u00e0 perfecte per descansar durant les vacances per\u00f2, en qualsevol dels casos, us recomanem que llogueu un cotxe per poder explorar l\u2019illa amb comoditat o, en cas de no tenir-ne, tenir a m\u00e0 el transport p\u00fablic per poder despla\u00e7ar-vos amb facilitat.<\/p>\n<p><strong>13 h.<\/strong> Un cop instal\u00b7lats, haureu de buscar algun lloc on reposar forces amb un menjar t\u00edpic de l\u2019illa. Per aix\u00f2, us recomanem que us desplaceu a cala Tarida, una immensa platja on la varietat de restaurants a la vora del mar us permetr\u00e0 tastar deliciosos plats com el <b>bullit de peix<\/b> o la paella eivissenca, que concentren tota l\u2019ess\u00e8ncia de la tradici\u00f3 culin\u00e0ria de l\u2019illa. A m\u00e9s, en aquesta platja podreu gaudir d\u2019unes vistes immillorables del Mediterrani.<\/p>\n<p><iframe loading=\"lazy\" src=\"https:\/\/player.vimeo.com\/video\/169067191\" width=\"640\" height=\"360\" frameborder=\"0\" allowfullscreen=\"allowfullscreen\"><\/iframe><\/p>\n<p><strong>16 h.<\/strong> Despr\u00e9s d\u2019una bona menjada, \u00e9s hora de descansar a l\u2019ombra d\u2019un para-sol a <b>cala Tarida<\/b>, per\u00f2 si no us voleu perdre ni 1 segon i el cos us demana activitat, no us preocupeu perqu\u00e8 en aquesta platja hi ha molt\u00edssimes coses per fer: <i>snorkel<\/i>, caiac, esqu\u00ed aqu\u00e0tic, voleibol o submarinisme s\u00f3n alguns dels suggeriments dels diferents negocis de la zona&#8230; tot i que un simple bany a les seves aig\u00fces ja \u00e9s una experi\u00e8ncia sensacional.<\/p>\n<p><strong>19 h.<\/strong> Ara \u00e9s hora de recollir els trastos i despla\u00e7ar-vos a <b>platges de Comte<\/b>, situat una mica m\u00e9s al nord de <b>Cala Tarida<\/b> i un lloc sensacional per a donar-vos l\u2019\u00faltim bany del dia. Quan arribeu a la zona, deixeu-vos captivar per la bellesa del paisatge, ja que aquest conjunt de platges, cadascuna amb la seva pr\u00f2pia personalitat, miren cap a la <b>Reserva Natural dels illots de Ponent<\/b>, tel\u00f3 de fons perfecte per a una meravellosa posta de sol. \u00c9s hora d\u2019agafar lloc a la platja i refrescar-vos amb un bon <i>mojito<\/i> a qualsevol de les gandules de la zona, potser us sobra temps de gaudir de les aig\u00fces turqueses que voregen la zona, per\u00f2 el protagonisme d\u2019aquest lloc se l\u2019emporta la posta de sol que, amb els seus c\u00e0lids colors, tenyeixen l\u2019aigua per acomiadar el dia i donar la benvinguda a la nit eivissenca. Veureu que hi ha un centenar de persones que s\u2019apropen a aquest lloc per contemplar aquest espectacle de la natura que no podreu deixar de fotografiar.<\/p>\n<div id=\"new-royalslider-58\" class=\"royalSlider new-royalslider-58 rsDefaultInv rs-image-gallery\" style=\"width:100%;height:533px;;\" data-rs-options='{&quot;template&quot;:&quot;default&quot;,&quot;image_generation&quot;:{&quot;imageWidth&quot;:&quot;&quot;,&quot;imageHeight&quot;:&quot;&quot;,&quot;thumbImageWidth&quot;:&quot;&quot;,&quot;thumbImageHeight&quot;:&quot;&quot;},&quot;thumbs&quot;:{&quot;paddingTop&quot;:4,&quot;firstMargin&quot;:-4,&quot;thumbWidth&quot;:96,&quot;thumbHeight&quot;:72},&quot;autoPlay&quot;:{&quot;delay&quot;:5000},&quot;block&quot;:{&quot;moveOffset&quot;:20,&quot;speed&quot;:400,&quot;delay&quot;:200},&quot;width&quot;:&quot;100%&quot;,&quot;height&quot;:533,&quot;autoScaleSlider&quot;:&quot;true&quot;,&quot;autoScaleSliderHeight&quot;:533,&quot;imageScaleMode&quot;:&quot;fill&quot;,&quot;imageScalePadding&quot;:0,&quot;controlNavigation&quot;:&quot;thumbnails&quot;,&quot;arrowsNavAutoHide&quot;:&quot;false&quot;}'>\n<div class=\"rsContent\">\n  <img decoding=\"async\" class=\"rsImg\" src=\"https:\/\/www.santjosep.net\/wp-content\/uploads\/2016\/08\/DJI_0021-1024x767.jpg\" alt=\"DJI_0021\"\/>\n  <div class=\"rsTmb\"><img decoding=\"async\" src=\"https:\/\/www.santjosep.net\/wp-content\/uploads\/2016\/08\/DJI_0021-150x150.jpg\" alt=\"\" \/><\/div>\n  \n  \n<\/div>\n<div class=\"rsContent\">\n  <img decoding=\"async\" class=\"rsImg\" src=\"https:\/\/www.santjosep.net\/wp-content\/uploads\/2013\/11\/calaconta_IMG_0198.jpg\" alt=\"calaconta_IMG_0198\"\/>\n  <div class=\"rsTmb\"><img decoding=\"async\" src=\"https:\/\/www.santjosep.net\/wp-content\/uploads\/2013\/11\/calaconta_IMG_0198-150x150.jpg\" alt=\"\" \/><\/div>\n  \n  \n<\/div>\n<div class=\"rsContent\">\n  <img decoding=\"async\" class=\"rsImg\" src=\"https:\/\/www.santjosep.net\/wp-content\/uploads\/2016\/08\/P1060823-1024x768.jpg\" alt=\"P1060823\"\/>\n  <div class=\"rsTmb\"><img decoding=\"async\" src=\"https:\/\/www.santjosep.net\/wp-content\/uploads\/2016\/08\/P1060823-150x150.jpg\" alt=\"\" \/><\/div>\n  \n  \n<\/div>\n<div class=\"rsContent\">\n  <img decoding=\"async\" class=\"rsImg\" src=\"https:\/\/www.santjosep.net\/wp-content\/uploads\/2016\/08\/IMG_7876-1024x683.jpg\" alt=\"IMG_7876\"\/>\n  <div class=\"rsTmb\"><img decoding=\"async\" src=\"https:\/\/www.santjosep.net\/wp-content\/uploads\/2016\/08\/IMG_7876-150x150.jpg\" alt=\"\" \/><\/div>\n  \n  \n<\/div>\n<div class=\"rsContent\">\n  <img decoding=\"async\" class=\"rsImg\" src=\"https:\/\/www.santjosep.net\/wp-content\/uploads\/2016\/08\/IMG_5686-1024x683.jpg\" alt=\"IMG_5686\"\/>\n  <div class=\"rsTmb\"><img decoding=\"async\" src=\"https:\/\/www.santjosep.net\/wp-content\/uploads\/2016\/08\/IMG_5686-150x150.jpg\" alt=\"\" \/><\/div>\n  \n  \n<\/div>\n<div class=\"rsContent\">\n  <img decoding=\"async\" class=\"rsImg\" src=\"https:\/\/www.santjosep.net\/wp-content\/uploads\/2016\/08\/IMG_7939-1024x683.jpg\" alt=\"IMG_7939\"\/>\n  <div class=\"rsTmb\"><img decoding=\"async\" src=\"https:\/\/www.santjosep.net\/wp-content\/uploads\/2016\/08\/IMG_7939-150x150.jpg\" alt=\"\" \/><\/div>\n  \n  \n<\/div>\n<div class=\"rsContent\">\n  <img decoding=\"async\" class=\"rsImg\" src=\"https:\/\/www.santjosep.net\/wp-content\/uploads\/2016\/08\/IMG_7900-1024x683.jpg\" alt=\"IMG_7900\"\/>\n  <div class=\"rsTmb\"><img decoding=\"async\" src=\"https:\/\/www.santjosep.net\/wp-content\/uploads\/2016\/08\/IMG_7900-150x150.jpg\" alt=\"\" \/><\/div>\n  \n  \n<\/div>\n<div class=\"rsContent\">\n  <img decoding=\"async\" class=\"rsImg\" src=\"https:\/\/www.santjosep.net\/wp-content\/uploads\/2016\/08\/IMG_7824-1024x683.jpg\" alt=\"IMG_7824\"\/>\n  <div class=\"rsTmb\"><img decoding=\"async\" src=\"https:\/\/www.santjosep.net\/wp-content\/uploads\/2016\/08\/IMG_7824-150x150.jpg\" alt=\"\" \/><\/div>\n  \n  \n<\/div>\n<div class=\"rsContent\">\n  <img decoding=\"async\" class=\"rsImg\" src=\"https:\/\/www.santjosep.net\/wp-content\/uploads\/2013\/11\/calacontasol_IMG_5103.jpg\" alt=\"calacontasol_IMG_5103\"\/>\n  <div class=\"rsTmb\"><img decoding=\"async\" src=\"https:\/\/www.santjosep.net\/wp-content\/uploads\/2013\/11\/calacontasol_IMG_5103-150x150.jpg\" alt=\"\" \/><\/div>\n  \n  \n<\/div>\n<div class=\"rsContent\">\n  <img decoding=\"async\" class=\"rsImg\" src=\"https:\/\/www.santjosep.net\/wp-content\/uploads\/2016\/08\/IMG_5479-1024x683.jpg\" alt=\"IMG_5479\"\/>\n  <div class=\"rsTmb\"><img decoding=\"async\" src=\"https:\/\/www.santjosep.net\/wp-content\/uploads\/2016\/08\/IMG_5479-150x150.jpg\" alt=\"\" \/><\/div>\n  \n  \n<\/div>\n<div class=\"rsContent\">\n  <img decoding=\"async\" class=\"rsImg\" src=\"https:\/\/www.santjosep.net\/wp-content\/uploads\/2013\/11\/calacontasol.jpg\" alt=\"calacontasol\"\/>\n  <div class=\"rsTmb\"><img decoding=\"async\" src=\"https:\/\/www.santjosep.net\/wp-content\/uploads\/2013\/11\/calacontasol-150x150.jpg\" alt=\"\" \/><\/div>\n  \n  \n<\/div>\n<div class=\"rsContent\">\n  <img decoding=\"async\" class=\"rsImg\" src=\"https:\/\/www.santjosep.net\/wp-content\/uploads\/2014\/07\/calaconta_IMG_9472-1024x768.jpg\" alt=\"calaconta_IMG_9472\"\/>\n  <div class=\"rsTmb\"><img decoding=\"async\" src=\"https:\/\/www.santjosep.net\/wp-content\/uploads\/2014\/07\/calaconta_IMG_9472-150x150.jpg\" alt=\"\" \/><\/div>\n  \n  \n<\/div>\n\n<\/div>\n\n<p><strong>22 h.<\/strong> Despr\u00e9s d\u2019una bona dutxa per descansar de tota l\u2019emoci\u00f3 del dia, \u00e9s hora de buscar un lloc bonic on sopar i gaudir de les agradables temperatures de les nits d\u2019estiu eivissenques. Sant Agust\u00ed des Vedr\u00e0, un poblet de l\u2019interior del municipi, pot ser el lloc perfecte. En aquest lloc sensacional, que cobra vida cada nit d\u2019estiu, trobareu diversos restaurants per a tots els gustos i pressupostos que encara mantenen l\u2019encant de l\u2019Eivissa rural. Seure a les terrasses que miren cap a la platja de l\u2019esgl\u00e9sia, envoltades de l\u2019encant de l\u2019arquitectura de les cases tradicionals mentre us demaneu una copa de les t\u00edpiques herbes tradicionals, \u00e9s tot un cant a la bona vida.<div id=\"new-royalslider-59\" class=\"royalSlider new-royalslider-59 rsDefaultInv rs-image-gallery\" style=\"width:100%;height:533px;;\" data-rs-options='{&quot;template&quot;:&quot;default&quot;,&quot;image_generation&quot;:{&quot;imageWidth&quot;:&quot;&quot;,&quot;imageHeight&quot;:&quot;&quot;,&quot;thumbImageWidth&quot;:&quot;&quot;,&quot;thumbImageHeight&quot;:&quot;&quot;},&quot;thumbs&quot;:{&quot;paddingTop&quot;:4,&quot;firstMargin&quot;:-4,&quot;thumbWidth&quot;:96,&quot;thumbHeight&quot;:72},&quot;autoPlay&quot;:{&quot;delay&quot;:5000},&quot;block&quot;:{&quot;moveOffset&quot;:20,&quot;speed&quot;:400,&quot;delay&quot;:200},&quot;width&quot;:&quot;100%&quot;,&quot;height&quot;:533,&quot;autoScaleSlider&quot;:&quot;true&quot;,&quot;autoScaleSliderHeight&quot;:533,&quot;imageScaleMode&quot;:&quot;fill&quot;,&quot;imageScalePadding&quot;:0,&quot;controlNavigation&quot;:&quot;thumbnails&quot;,&quot;arrowsNavAutoHide&quot;:&quot;false&quot;}'>\n<div class=\"rsContent\">\n  <img decoding=\"async\" class=\"rsImg\" src=\"https:\/\/www.santjosep.net\/wp-content\/uploads\/2016\/08\/IMG_1056-1-1024x683.jpg\" alt=\"IMG_1056\"\/>\n  <div class=\"rsTmb\"><img decoding=\"async\" src=\"https:\/\/www.santjosep.net\/wp-content\/uploads\/2016\/08\/IMG_1056-1-150x150.jpg\" alt=\"\" \/><\/div>\n  \n  \n<\/div>\n<div class=\"rsContent\">\n  <img decoding=\"async\" class=\"rsImg\" src=\"https:\/\/www.santjosep.net\/wp-content\/uploads\/2016\/08\/IMG_1063-1024x683.jpg\" alt=\"IMG_1063\"\/>\n  <div class=\"rsTmb\"><img decoding=\"async\" src=\"https:\/\/www.santjosep.net\/wp-content\/uploads\/2016\/08\/IMG_1063-150x150.jpg\" alt=\"\" \/><\/div>\n  \n  \n<\/div>\n<div class=\"rsContent\">\n  <img decoding=\"async\" class=\"rsImg\" src=\"https:\/\/www.santjosep.net\/wp-content\/uploads\/2016\/08\/cancurt_IMG_2597.jpg\" alt=\"cancurt_IMG_2597\"\/>\n  <div class=\"rsTmb\"><img decoding=\"async\" src=\"https:\/\/www.santjosep.net\/wp-content\/uploads\/2016\/08\/cancurt_IMG_2597-150x150.jpg\" alt=\"\" \/><\/div>\n  \n  \n<\/div>\n<div class=\"rsContent\">\n  <img decoding=\"async\" class=\"rsImg\" src=\"https:\/\/www.santjosep.net\/wp-content\/uploads\/2016\/08\/IMG_1169-1024x683.jpg\" alt=\"IMG_1169\"\/>\n  <div class=\"rsTmb\"><img decoding=\"async\" src=\"https:\/\/www.santjosep.net\/wp-content\/uploads\/2016\/08\/IMG_1169-150x150.jpg\" alt=\"\" \/><\/div>\n  \n  \n<\/div>\n<div class=\"rsContent\">\n  <img decoding=\"async\" class=\"rsImg\" src=\"https:\/\/www.santjosep.net\/wp-content\/uploads\/2016\/08\/IMG_1204-1024x683.jpg\" alt=\"IMG_1204\"\/>\n  <div class=\"rsTmb\"><img decoding=\"async\" src=\"https:\/\/www.santjosep.net\/wp-content\/uploads\/2016\/08\/IMG_1204-150x150.jpg\" alt=\"\" \/><\/div>\n  \n  \n<\/div>\n<div class=\"rsContent\">\n  <img decoding=\"async\" class=\"rsImg\" src=\"https:\/\/www.santjosep.net\/wp-content\/uploads\/2016\/08\/IMG_1553-1024x683.jpg\" alt=\"IMG_1553\"\/>\n  <div class=\"rsTmb\"><img decoding=\"async\" src=\"https:\/\/www.santjosep.net\/wp-content\/uploads\/2016\/08\/IMG_1553-150x150.jpg\" alt=\"\" \/><\/div>\n  \n  \n<\/div>\n\n<\/div>\n<p><strong>00 h.<\/strong> Pot ser que el cos encara us demani marxa despr\u00e9s d\u2019un dia molt ocupat, \u00e9s per aix\u00f2 que us podeu moure a la cosmopolita zona de <a href=\"https:\/\/www.santjosep.net\/ca\/veure\/playa-den-bossa\/\">Platja d\u2019en Bossa<\/a>, on trobareu una \u00e0mplia oferta de locals d\u2019oci de totes les dimensions i estils. A l\u2019aire lliure, bars petits, clubs de renom mundial, llocs on ballar sobre la sorra o qualsevol altre tipus de lloc que us imagineu poden ser la vostra pista de ball de la nit. Nom\u00e9s heu de triar la que m\u00e9s us agradi, per\u00f2 us recomanem que no deixeu l\u2019illa sense haver anat a alguna de les discoteques m\u00e9s conegudes. D\u2019aquesta manera coneixereu l\u2019Eivissa m\u00e9s moderna.<\/p>\n<p><img loading=\"lazy\" decoding=\"async\" class=\"alignnone size-large wp-image-7306\" src=\"https:\/\/www.santjosep.net\/wp-content\/uploads\/2016\/08\/IMG_9863-1024x683.jpg\" alt=\"IMG_9863\" width=\"1024\" height=\"683\" srcset=\"https:\/\/www.santjosep.net\/wp-content\/uploads\/2016\/08\/IMG_9863-1024x683.jpg 1024w, https:\/\/www.santjosep.net\/wp-content\/uploads\/2016\/08\/IMG_9863-300x200.jpg 300w, https:\/\/www.santjosep.net\/wp-content\/uploads\/2016\/08\/IMG_9863-768x512.jpg 768w, https:\/\/www.santjosep.net\/wp-content\/uploads\/2016\/08\/IMG_9863.jpg 1200w\" sizes=\"auto, (max-width: 1024px) 100vw, 1024px\" \/><img loading=\"lazy\" decoding=\"async\" class=\"alignnone size-large wp-image-7309\" src=\"https:\/\/www.santjosep.net\/wp-content\/uploads\/2016\/08\/IMG_9816-1024x683.jpg\" alt=\"IMG_9816\" width=\"1024\" height=\"683\" srcset=\"https:\/\/www.santjosep.net\/wp-content\/uploads\/2016\/08\/IMG_9816-1024x683.jpg 1024w, https:\/\/www.santjosep.net\/wp-content\/uploads\/2016\/08\/IMG_9816-300x200.jpg 300w, https:\/\/www.santjosep.net\/wp-content\/uploads\/2016\/08\/IMG_9816-768x512.jpg 768w, https:\/\/www.santjosep.net\/wp-content\/uploads\/2016\/08\/IMG_9816.jpg 1200w\" sizes=\"auto, (max-width: 1024px) 100vw, 1024px\" \/><\/p>\n<p>&nbsp;<\/p>\n<h2>Dissabte<\/h2>\n<p><strong>10 h.<\/strong> Esteu de vacances i no teniu cap motiu per matinar, aix\u00ed que quan us canseu de dormir, potser \u00e9s hora de posar-vos el banyador, preparar la bossa de platja i buscar nous llocs per explorar. Per\u00f2, abans de tot, esmorzeu b\u00e9 i carregueu les piles per al dia intens que us espera. Dirigiu-vos a Sant Josep, capital del municipi i un poble encantador on qualsevol dels seus establiments us atendr\u00e0 amb un esmorzar delici\u00f3s. Teniu on triar: tant podeu trobar bars m\u00e9s tradicionals on prendre un bon caf\u00e8 amb torrades de pa, com llocs m\u00e9s moderns on us serviran plats m\u00e9s innovadors. Gaudiu tamb\u00e9 de la vida que emana del poble tots els matins, on veieu la gent passar amb les seves ocupacions quotidianes o \u00a0simples turistes que intenten fer la millor foto de les seves vacances. De qualsevol manera, us recomanem passejar pels seus carrers i comprar algun detall a les seves botiguetes.<\/p>\n<p><img loading=\"lazy\" decoding=\"async\" class=\"alignnone size-large wp-image-7314\" src=\"https:\/\/www.santjosep.net\/wp-content\/uploads\/2016\/08\/P1060459-1024x1024.jpg\" alt=\"P1060459\" width=\"1024\" height=\"1024\" srcset=\"https:\/\/www.santjosep.net\/wp-content\/uploads\/2016\/08\/P1060459-1024x1024.jpg 1024w, https:\/\/www.santjosep.net\/wp-content\/uploads\/2016\/08\/P1060459-150x150.jpg 150w, https:\/\/www.santjosep.net\/wp-content\/uploads\/2016\/08\/P1060459-300x300.jpg 300w, https:\/\/www.santjosep.net\/wp-content\/uploads\/2016\/08\/P1060459-768x768.jpg 768w, https:\/\/www.santjosep.net\/wp-content\/uploads\/2016\/08\/P1060459-50x50.jpg 50w, https:\/\/www.santjosep.net\/wp-content\/uploads\/2016\/08\/P1060459-100x100.jpg 100w, https:\/\/www.santjosep.net\/wp-content\/uploads\/2016\/08\/P1060459-120x120.jpg 120w, https:\/\/www.santjosep.net\/wp-content\/uploads\/2016\/08\/P1060459.jpg 1200w\" sizes=\"auto, (max-width: 1024px) 100vw, 1024px\" \/><\/p>\n<p><strong>12 h. <\/strong>Us queda molta illa per explorar i no s\u2019ha de perdre ni un minut. Poseu-vos rumb as Cubells, un poble proper que conserva tot l\u2019encant de l\u2019Eivissa perduda a les muntanyes. Veureu que rec\u00f3rrer el poble \u00e9s molt senzill, ja que nom\u00e9s t\u00e9 una esgl\u00e9sia, dos restaurants i alguna casa, per\u00f2 la m\u00e0gia d\u2019aquest lloc resideix en les seves impressionants vistes a Formentera, que podreu contemplar des del penya-segat darrere l\u2019esgl\u00e9sia. Con\u00e8ixer aquesta part de l\u2019illa \u00e9s tot un privilegi, ja que \u00e9s un dels llocs millor conservats de tota l\u2019illa.<\/p>\n<div id=\"new-royalslider-61\" class=\"royalSlider new-royalslider-61 rsDefaultInv rs-image-gallery\" style=\"width:100%;height:533px;;\" data-rs-options='{&quot;template&quot;:&quot;default&quot;,&quot;image_generation&quot;:{&quot;imageWidth&quot;:&quot;&quot;,&quot;imageHeight&quot;:&quot;&quot;,&quot;thumbImageWidth&quot;:&quot;&quot;,&quot;thumbImageHeight&quot;:&quot;&quot;},&quot;thumbs&quot;:{&quot;paddingTop&quot;:4,&quot;firstMargin&quot;:-4,&quot;thumbWidth&quot;:96,&quot;thumbHeight&quot;:72,&quot;appendSpan&quot;:&quot;true&quot;},&quot;fullscreen&quot;:{&quot;enabled&quot;:&quot;true&quot;,&quot;nativeFS&quot;:&quot;true&quot;},&quot;block&quot;:{&quot;moveOffset&quot;:20,&quot;speed&quot;:400,&quot;delay&quot;:200},&quot;width&quot;:&quot;100%&quot;,&quot;height&quot;:533,&quot;autoScaleSlider&quot;:&quot;true&quot;,&quot;autoScaleSliderHeight&quot;:533,&quot;imageScaleMode&quot;:&quot;fill&quot;,&quot;imageScalePadding&quot;:0,&quot;controlNavigation&quot;:&quot;thumbnails&quot;,&quot;arrowsNavHideOnTouch&quot;:&quot;true&quot;,&quot;globalCaptionInside&quot;:&quot;true&quot;,&quot;keyboardNavEnabled&quot;:&quot;true&quot;,&quot;fadeinLoadedSlide&quot;:&quot;false&quot;}'>\n<div class=\"rsContent\">\n  <img decoding=\"async\" class=\"rsImg\" src=\"https:\/\/www.santjosep.net\/wp-content\/uploads\/2014\/12\/IMG_0874-1024x682.jpg\" data-rsBigImg=\"https:\/\/www.santjosep.net\/wp-content\/uploads\/2014\/12\/IMG_0874.jpg\" alt=\"Vistas desde la iglesia de Es Cubells\"\/>\n  <div class=\"rsTmb\"><img decoding=\"async\" src=\"https:\/\/www.santjosep.net\/wp-content\/uploads\/2014\/12\/IMG_0874-150x150.jpg\" alt=\"\" \/><\/div>\n  \n  \n<\/div>\n<div class=\"rsContent\">\n  <img decoding=\"async\" class=\"rsImg\" src=\"https:\/\/www.santjosep.net\/wp-content\/uploads\/2014\/12\/IMG_0917-1024x682.jpg\" data-rsBigImg=\"https:\/\/www.santjosep.net\/wp-content\/uploads\/2014\/12\/IMG_0917.jpg\" alt=\"Iglesia de Es Cubells\"\/>\n  <div class=\"rsTmb\"><img decoding=\"async\" src=\"https:\/\/www.santjosep.net\/wp-content\/uploads\/2014\/12\/IMG_0917-150x150.jpg\" alt=\"\" \/><\/div>\n  \n  \n<\/div>\n<div class=\"rsContent\">\n  <img decoding=\"async\" class=\"rsImg\" src=\"https:\/\/www.santjosep.net\/wp-content\/uploads\/2014\/12\/IMG_0915-1024x680.jpg\" data-rsBigImg=\"https:\/\/www.santjosep.net\/wp-content\/uploads\/2014\/12\/IMG_0915.jpg\" alt=\"Iglesia de Es Cubells\"\/>\n  <div class=\"rsTmb\"><img decoding=\"async\" src=\"https:\/\/www.santjosep.net\/wp-content\/uploads\/2014\/12\/IMG_0915-150x150.jpg\" alt=\"\" \/><\/div>\n  \n  \n<\/div>\n<div class=\"rsContent\">\n  <img decoding=\"async\" class=\"rsImg\" src=\"https:\/\/www.santjosep.net\/wp-content\/uploads\/2014\/12\/IMG_0886-1024x682.jpg\" data-rsBigImg=\"https:\/\/www.santjosep.net\/wp-content\/uploads\/2014\/12\/IMG_0886.jpg\" alt=\"Monumento a los marineros\"\/>\n  <div class=\"rsTmb\"><img decoding=\"async\" src=\"https:\/\/www.santjosep.net\/wp-content\/uploads\/2014\/12\/IMG_0886-150x150.jpg\" alt=\"\" \/><\/div>\n  \n  \n<\/div>\n<div class=\"rsContent\">\n  <img decoding=\"async\" class=\"rsImg\" src=\"https:\/\/www.santjosep.net\/wp-content\/uploads\/2014\/12\/IMG_0869-682x1024.jpg\" data-rsBigImg=\"https:\/\/www.santjosep.net\/wp-content\/uploads\/2014\/12\/IMG_0869.jpg\" alt=\"Monumento al padre Francesc Palau\"\/>\n  <div class=\"rsTmb\"><img decoding=\"async\" src=\"https:\/\/www.santjosep.net\/wp-content\/uploads\/2014\/12\/IMG_0869-150x150.jpg\" alt=\"\" \/><\/div>\n  \n  \n<\/div>\n<div class=\"rsContent\">\n  <img decoding=\"async\" class=\"rsImg\" src=\"https:\/\/www.santjosep.net\/wp-content\/uploads\/2014\/12\/IMG_0906-1024x682.jpg\" data-rsBigImg=\"https:\/\/www.santjosep.net\/wp-content\/uploads\/2014\/12\/IMG_0906.jpg\" alt=\"Restaurante junto al acantilado de Es Cubells\"\/>\n  <div class=\"rsTmb\"><img decoding=\"async\" src=\"https:\/\/www.santjosep.net\/wp-content\/uploads\/2014\/12\/IMG_0906-150x150.jpg\" alt=\"\" \/><\/div>\n  \n  \n<\/div>\n<div class=\"rsContent\">\n  <img decoding=\"async\" class=\"rsImg\" src=\"https:\/\/www.santjosep.net\/wp-content\/uploads\/2014\/12\/IMG_0891-1024x682.jpg\" data-rsBigImg=\"https:\/\/www.santjosep.net\/wp-content\/uploads\/2014\/12\/IMG_0891.jpg\" alt=\"Vistas desde la iglesia de Es Cubells\"\/>\n  <div class=\"rsTmb\"><img decoding=\"async\" src=\"https:\/\/www.santjosep.net\/wp-content\/uploads\/2014\/12\/IMG_0891-150x150.jpg\" alt=\"\" \/><\/div>\n  \n  \n<\/div>\n<div class=\"rsContent\">\n  <img decoding=\"async\" class=\"rsImg\" src=\"https:\/\/www.santjosep.net\/wp-content\/uploads\/2014\/12\/IMG_0868-1024x682.jpg\" data-rsBigImg=\"https:\/\/www.santjosep.net\/wp-content\/uploads\/2014\/12\/IMG_0868.jpg\" alt=\"Detalle de la iglesia\"\/>\n  <div class=\"rsTmb\"><img decoding=\"async\" src=\"https:\/\/www.santjosep.net\/wp-content\/uploads\/2014\/12\/IMG_0868-150x150.jpg\" alt=\"\" \/><\/div>\n  \n  \n<\/div>\n\n<\/div>\n\n<p>&nbsp;<\/p>\n<p><strong>14 h.<\/strong>\u00a0<b>Es Cubells <\/b>no nom\u00e9s amaga vistes meravelloses, sin\u00f3 que tamb\u00e9 disposa d\u2019una estupenda costa que recorre tota la zona al peu del penya-segat sobre el que s\u2019eleva el poble. Baixar a aquesta zona \u00e9s un recorregut meravell\u00f3s per la costa perduda del municipi. Aqu\u00ed hi ha diverses cales des\u00e8rtiques exclusives per a vosaltres. Pel cam\u00ed trobareu diversos restaurants, fins i tot algun d\u2019amagat en una de les cales. Qualsevol d\u2019ells ser\u00e0 el lloc perfecte per fer la parada obligat\u00f2ria al migdia per despr\u00e9s gaudir de les aig\u00fces tranquil\u00b7les de la zona i prendre una mica el sol apartat del m\u00f3n.<\/p>\n<p><img loading=\"lazy\" decoding=\"async\" class=\"alignnone size-large wp-image-7323\" src=\"https:\/\/www.santjosep.net\/wp-content\/uploads\/2016\/08\/IMG_0936-1024x683.jpg\" alt=\"IMG_0936\" width=\"1024\" height=\"683\" srcset=\"https:\/\/www.santjosep.net\/wp-content\/uploads\/2016\/08\/IMG_0936-1024x683.jpg 1024w, https:\/\/www.santjosep.net\/wp-content\/uploads\/2016\/08\/IMG_0936-300x200.jpg 300w, https:\/\/www.santjosep.net\/wp-content\/uploads\/2016\/08\/IMG_0936-768x512.jpg 768w, https:\/\/www.santjosep.net\/wp-content\/uploads\/2016\/08\/IMG_0936.jpg 1200w\" sizes=\"auto, (max-width: 1024px) 100vw, 1024px\" \/><\/p>\n<p><img loading=\"lazy\" decoding=\"async\" class=\"alignnone size-large wp-image-7326\" src=\"https:\/\/www.santjosep.net\/wp-content\/uploads\/2016\/08\/IMG_0954-1024x683.jpg\" alt=\"IMG_0954\" width=\"1024\" height=\"683\" srcset=\"https:\/\/www.santjosep.net\/wp-content\/uploads\/2016\/08\/IMG_0954-1024x683.jpg 1024w, https:\/\/www.santjosep.net\/wp-content\/uploads\/2016\/08\/IMG_0954-300x200.jpg 300w, https:\/\/www.santjosep.net\/wp-content\/uploads\/2016\/08\/IMG_0954-768x512.jpg 768w, https:\/\/www.santjosep.net\/wp-content\/uploads\/2016\/08\/IMG_0954.jpg 1200w\" sizes=\"auto, (max-width: 1024px) 100vw, 1024px\" \/>No us perdeu la segona part d\u2019aquest recorregut per <a href=\"\/?p=12896\">Sant Josep en 72 h. Part 2<\/a><\/p>\n","protected":false},"excerpt":{"rendered":"<p>Ja \u00e9s hora de fer una escapadeta, tot i que nom\u00e9s sigui el cap de setmana, per poder desconnectar de la rutina di\u00e0ria. No hi ha un lloc millor que la m\u00e0gica illa d\u2019Eivissa per descansar i divertir-se durant els [&hellip;]<\/p>\n","protected":false},"author":1,"featured_media":12891,"comment_status":"open","ping_status":"open","sticky":false,"template":"","format":"standard","meta":{"_acf_changed":false,"inline_featured_image":false,"footnotes":""},"categories":[205,209,210,206,207],"tags":[],"class_list":["post-12889","post","type-post","status-publish","format-standard","has-post-thumbnail","hentry","category-passejades-ca","category-platjes-ca","category-pobles-ca","category-rutes-ca","category-zones-ca"],"acf":[],"geo":null,"yoast_head":"<!-- This site is optimized with the Yoast SEO plugin v25.7 - https:\/\/yoast.com\/wordpress\/plugins\/seo\/ -->\n<title>72 hores a Sant Josep- Eivissa (part 1) - Santjosep.net<\/title>\n<meta name=\"description\" content=\"Un recorrido de 72 horas por el municipio de Sant Josep en Ibiza. Playas, puestas de sol, naturaleza, gastronom\u00eda y diversi\u00f3n que no olvidar\u00e1s.\" \/>\n<meta name=\"robots\" content=\"index, follow, max-snippet:-1, max-image-preview:large, max-video-preview:-1\" \/>\n<link rel=\"canonical\" href=\"https:\/\/www.santjosep.net\/ca\/72-hores-a-sant-josep-ibiza-part-1\/\" \/>\n<meta property=\"og:locale\" content=\"ca_ES\" \/>\n<meta property=\"og:type\" content=\"article\" \/>\n<meta property=\"og:title\" content=\"72 hores a Sant Josep- Eivissa (part 1) - Santjosep.net\" \/>\n<meta property=\"og:description\" content=\"Un recorrido de 72 horas por el municipio de Sant Josep en Ibiza. Playas, puestas de sol, naturaleza, gastronom\u00eda y diversi\u00f3n que no olvidar\u00e1s.\" \/>\n<meta property=\"og:url\" content=\"https:\/\/www.santjosep.net\/ca\/72-hores-a-sant-josep-ibiza-part-1\/\" \/>\n<meta property=\"og:site_name\" content=\"Santjosep.net\" \/>\n<meta property=\"article:published_time\" content=\"2016-08-10T14:59:57+00:00\" \/>\n<meta property=\"article:modified_time\" content=\"2020-01-22T10:22:47+00:00\" \/>\n<meta property=\"og:image\" content=\"https:\/\/www.santjosep.net\/wp-content\/uploads\/2016\/08\/sesboques_IMG_0965.jpg\" \/>\n\t<meta property=\"og:image:width\" content=\"1000\" \/>\n\t<meta property=\"og:image:height\" content=\"667\" \/>\n\t<meta property=\"og:image:type\" content=\"image\/jpeg\" \/>\n<meta name=\"author\" content=\"Sant Josep\" \/>\n<meta name=\"twitter:card\" content=\"summary_large_image\" \/>\n<meta name=\"twitter:label1\" content=\"Escrit per\" \/>\n\t<meta name=\"twitter:data1\" content=\"Sant Josep\" \/>\n\t<meta name=\"twitter:label2\" content=\"Temps estimat de lectura\" \/>\n\t<meta name=\"twitter:data2\" content=\"6 minuts\" \/>\n<script type=\"application\/ld+json\" class=\"yoast-schema-graph\">{\"@context\":\"https:\/\/schema.org\",\"@graph\":[{\"@type\":\"WebPage\",\"@id\":\"https:\/\/www.santjosep.net\/ca\/72-hores-a-sant-josep-ibiza-part-1\/\",\"url\":\"https:\/\/www.santjosep.net\/ca\/72-hores-a-sant-josep-ibiza-part-1\/\",\"name\":\"72 hores a Sant Josep- Eivissa (part 1) - Santjosep.net\",\"isPartOf\":{\"@id\":\"https:\/\/www.santjosep.net\/#website\"},\"primaryImageOfPage\":{\"@id\":\"https:\/\/www.santjosep.net\/ca\/72-hores-a-sant-josep-ibiza-part-1\/#primaryimage\"},\"image\":{\"@id\":\"https:\/\/www.santjosep.net\/ca\/72-hores-a-sant-josep-ibiza-part-1\/#primaryimage\"},\"thumbnailUrl\":\"https:\/\/www.santjosep.net\/wp-content\/uploads\/2016\/08\/sesboques_IMG_0965.jpg\",\"datePublished\":\"2016-08-10T14:59:57+00:00\",\"dateModified\":\"2020-01-22T10:22:47+00:00\",\"author\":{\"@id\":\"https:\/\/www.santjosep.net\/#\/schema\/person\/b60e56f94e4e55776eb62bf4293f99b6\"},\"description\":\"Un recorrido de 72 horas por el municipio de Sant Josep en Ibiza. Playas, puestas de sol, naturaleza, gastronom\u00eda y diversi\u00f3n que no olvidar\u00e1s.\",\"inLanguage\":\"ca\",\"potentialAction\":[{\"@type\":\"ReadAction\",\"target\":[\"https:\/\/www.santjosep.net\/ca\/72-hores-a-sant-josep-ibiza-part-1\/\"]}]},{\"@type\":\"ImageObject\",\"inLanguage\":\"ca\",\"@id\":\"https:\/\/www.santjosep.net\/ca\/72-hores-a-sant-josep-ibiza-part-1\/#primaryimage\",\"url\":\"https:\/\/www.santjosep.net\/wp-content\/uploads\/2016\/08\/sesboques_IMG_0965.jpg\",\"contentUrl\":\"https:\/\/www.santjosep.net\/wp-content\/uploads\/2016\/08\/sesboques_IMG_0965.jpg\",\"width\":1000,\"height\":667},{\"@type\":\"WebSite\",\"@id\":\"https:\/\/www.santjosep.net\/#website\",\"url\":\"https:\/\/www.santjosep.net\/\",\"name\":\"Santjosep.net\",\"description\":\"\",\"potentialAction\":[{\"@type\":\"SearchAction\",\"target\":{\"@type\":\"EntryPoint\",\"urlTemplate\":\"https:\/\/www.santjosep.net\/?s={search_term_string}\"},\"query-input\":{\"@type\":\"PropertyValueSpecification\",\"valueRequired\":true,\"valueName\":\"search_term_string\"}}],\"inLanguage\":\"ca\"},{\"@type\":\"Person\",\"@id\":\"https:\/\/www.santjosep.net\/#\/schema\/person\/b60e56f94e4e55776eb62bf4293f99b6\",\"name\":\"Sant Josep\",\"image\":{\"@type\":\"ImageObject\",\"inLanguage\":\"ca\",\"@id\":\"https:\/\/www.santjosep.net\/#\/schema\/person\/image\/\",\"url\":\"https:\/\/secure.gravatar.com\/avatar\/2f4071817a97d2499c5aae9674ee15015b5a3c7c0974ca84f095a8e4aadcda56?s=96&d=mm&r=g\",\"contentUrl\":\"https:\/\/secure.gravatar.com\/avatar\/2f4071817a97d2499c5aae9674ee15015b5a3c7c0974ca84f095a8e4aadcda56?s=96&d=mm&r=g\",\"caption\":\"Sant Josep\"},\"url\":\"https:\/\/www.santjosep.net\/ca\/author\/fugrafic\/\"}]}<\/script>\n<!-- \/ Yoast SEO plugin. -->","yoast_head_json":{"title":"72 hores a Sant Josep- Eivissa (part 1) - Santjosep.net","description":"Un recorrido de 72 horas por el municipio de Sant Josep en Ibiza. Playas, puestas de sol, naturaleza, gastronom\u00eda y diversi\u00f3n que no olvidar\u00e1s.","robots":{"index":"index","follow":"follow","max-snippet":"max-snippet:-1","max-image-preview":"max-image-preview:large","max-video-preview":"max-video-preview:-1"},"canonical":"https:\/\/www.santjosep.net\/ca\/72-hores-a-sant-josep-ibiza-part-1\/","og_locale":"ca_ES","og_type":"article","og_title":"72 hores a Sant Josep- Eivissa (part 1) - Santjosep.net","og_description":"Un recorrido de 72 horas por el municipio de Sant Josep en Ibiza. Playas, puestas de sol, naturaleza, gastronom\u00eda y diversi\u00f3n que no olvidar\u00e1s.","og_url":"https:\/\/www.santjosep.net\/ca\/72-hores-a-sant-josep-ibiza-part-1\/","og_site_name":"Santjosep.net","article_published_time":"2016-08-10T14:59:57+00:00","article_modified_time":"2020-01-22T10:22:47+00:00","og_image":[{"width":1000,"height":667,"url":"https:\/\/www.santjosep.net\/wp-content\/uploads\/2016\/08\/sesboques_IMG_0965.jpg","type":"image\/jpeg"}],"author":"Sant Josep","twitter_card":"summary_large_image","twitter_misc":{"Escrit per":"Sant Josep","Temps estimat de lectura":"6 minuts"},"schema":{"@context":"https:\/\/schema.org","@graph":[{"@type":"WebPage","@id":"https:\/\/www.santjosep.net\/ca\/72-hores-a-sant-josep-ibiza-part-1\/","url":"https:\/\/www.santjosep.net\/ca\/72-hores-a-sant-josep-ibiza-part-1\/","name":"72 hores a Sant Josep- Eivissa (part 1) - Santjosep.net","isPartOf":{"@id":"https:\/\/www.santjosep.net\/#website"},"primaryImageOfPage":{"@id":"https:\/\/www.santjosep.net\/ca\/72-hores-a-sant-josep-ibiza-part-1\/#primaryimage"},"image":{"@id":"https:\/\/www.santjosep.net\/ca\/72-hores-a-sant-josep-ibiza-part-1\/#primaryimage"},"thumbnailUrl":"https:\/\/www.santjosep.net\/wp-content\/uploads\/2016\/08\/sesboques_IMG_0965.jpg","datePublished":"2016-08-10T14:59:57+00:00","dateModified":"2020-01-22T10:22:47+00:00","author":{"@id":"https:\/\/www.santjosep.net\/#\/schema\/person\/b60e56f94e4e55776eb62bf4293f99b6"},"description":"Un recorrido de 72 horas por el municipio de Sant Josep en Ibiza. Playas, puestas de sol, naturaleza, gastronom\u00eda y diversi\u00f3n que no olvidar\u00e1s.","inLanguage":"ca","potentialAction":[{"@type":"ReadAction","target":["https:\/\/www.santjosep.net\/ca\/72-hores-a-sant-josep-ibiza-part-1\/"]}]},{"@type":"ImageObject","inLanguage":"ca","@id":"https:\/\/www.santjosep.net\/ca\/72-hores-a-sant-josep-ibiza-part-1\/#primaryimage","url":"https:\/\/www.santjosep.net\/wp-content\/uploads\/2016\/08\/sesboques_IMG_0965.jpg","contentUrl":"https:\/\/www.santjosep.net\/wp-content\/uploads\/2016\/08\/sesboques_IMG_0965.jpg","width":1000,"height":667},{"@type":"WebSite","@id":"https:\/\/www.santjosep.net\/#website","url":"https:\/\/www.santjosep.net\/","name":"Santjosep.net","description":"","potentialAction":[{"@type":"SearchAction","target":{"@type":"EntryPoint","urlTemplate":"https:\/\/www.santjosep.net\/?s={search_term_string}"},"query-input":{"@type":"PropertyValueSpecification","valueRequired":true,"valueName":"search_term_string"}}],"inLanguage":"ca"},{"@type":"Person","@id":"https:\/\/www.santjosep.net\/#\/schema\/person\/b60e56f94e4e55776eb62bf4293f99b6","name":"Sant Josep","image":{"@type":"ImageObject","inLanguage":"ca","@id":"https:\/\/www.santjosep.net\/#\/schema\/person\/image\/","url":"https:\/\/secure.gravatar.com\/avatar\/2f4071817a97d2499c5aae9674ee15015b5a3c7c0974ca84f095a8e4aadcda56?s=96&d=mm&r=g","contentUrl":"https:\/\/secure.gravatar.com\/avatar\/2f4071817a97d2499c5aae9674ee15015b5a3c7c0974ca84f095a8e4aadcda56?s=96&d=mm&r=g","caption":"Sant Josep"},"url":"https:\/\/www.santjosep.net\/ca\/author\/fugrafic\/"}]}},"_links":{"self":[{"href":"https:\/\/www.santjosep.net\/ca\/wp-json\/wp\/v2\/posts\/12889","targetHints":{"allow":["GET"]}}],"collection":[{"href":"https:\/\/www.santjosep.net\/ca\/wp-json\/wp\/v2\/posts"}],"about":[{"href":"https:\/\/www.santjosep.net\/ca\/wp-json\/wp\/v2\/types\/post"}],"author":[{"embeddable":true,"href":"https:\/\/www.santjosep.net\/ca\/wp-json\/wp\/v2\/users\/1"}],"replies":[{"embeddable":true,"href":"https:\/\/www.santjosep.net\/ca\/wp-json\/wp\/v2\/comments?post=12889"}],"version-history":[{"count":0,"href":"https:\/\/www.santjosep.net\/ca\/wp-json\/wp\/v2\/posts\/12889\/revisions"}],"wp:featuredmedia":[{"embeddable":true,"href":"https:\/\/www.santjosep.net\/ca\/wp-json\/wp\/v2\/media\/12891"}],"wp:attachment":[{"href":"https:\/\/www.santjosep.net\/ca\/wp-json\/wp\/v2\/media?parent=12889"}],"wp:term":[{"taxonomy":"category","embeddable":true,"href":"https:\/\/www.santjosep.net\/ca\/wp-json\/wp\/v2\/categories?post=12889"},{"taxonomy":"post_tag","embeddable":true,"href":"https:\/\/www.santjosep.net\/ca\/wp-json\/wp\/v2\/tags?post=12889"}],"curies":[{"name":"wp","href":"https:\/\/api.w.org\/{rel}","templated":true}]}}