{"id":12782,"date":"2018-07-30T08:23:18","date_gmt":"2018-07-30T08:23:18","guid":{"rendered":"https:\/\/www.santjosep.net\/mercado_sant_josep\/"},"modified":"2020-01-24T08:13:25","modified_gmt":"2020-01-24T07:13:25","slug":"mercat_sant_josep","status":"publish","type":"post","link":"https:\/\/www.santjosep.net\/ca\/mercat_sant_josep\/","title":{"rendered":"Mercat de Sant Josep"},"content":{"rendered":"<p>Ecol\u00f2gic, local i d&#8217;artesania<br \/>\nUn punt de trobada per a la ciutadania del nostre municipi i per al turisme que ens visita a l&#8217;estiu, on podreu comprar productes ecol\u00f2gics, artesanals o d&#8217;elaboraci\u00f3 local, assistir als tallers i tamb\u00e9 podreu gaudir dels men\u00fas que prepararan els establiments de restauraci\u00f3 del poble.<\/p>\n<p>&nbsp;<\/p>\n<p>Del 2 de juny al 20 d&#8217;octubre, cada dissabte de 9:30 h a 13:30 h.<\/p>\n","protected":false},"excerpt":{"rendered":"<p>Ecol\u00f2gic, local i d&#8217;artesania Un punt de trobada per a la ciutadania del nostre municipi i per al turisme que ens visita a l&#8217;estiu, on podreu comprar productes ecol\u00f2gics, artesanals o d&#8217;elaboraci\u00f3 local, assistir als tallers i tamb\u00e9 podreu gaudir [&hellip;]<\/p>\n","protected":false},"author":1,"featured_media":21355,"comment_status":"open","ping_status":"open","sticky":false,"template":"","format":"video","meta":{"_acf_changed":false,"inline_featured_image":false,"footnotes":""},"categories":[212],"tags":[],"class_list":["post-12782","post","type-post","status-publish","format-video","has-post-thumbnail","hentry","category-video-ca","post_format-post-format-video"],"acf":[],"geo":null,"yoast_head":"<!-- This site is optimized with the Yoast SEO plugin v25.7 - https:\/\/yoast.com\/wordpress\/plugins\/seo\/ -->\n<title>Mercat de Sant Josep - Santjosep.net<\/title>\n<meta name=\"robots\" content=\"index, follow, max-snippet:-1, max-image-preview:large, max-video-preview:-1\" \/>\n<link rel=\"canonical\" href=\"https:\/\/www.santjosep.net\/ca\/mercat_sant_josep\/\" \/>\n<meta property=\"og:locale\" content=\"ca_ES\" \/>\n<meta property=\"og:type\" content=\"article\" \/>\n<meta property=\"og:title\" content=\"Mercat de Sant Josep - Santjosep.net\" \/>\n<meta property=\"og:description\" content=\"Ecol\u00f2gic, local i d&#8217;artesania Un punt de trobada per a la ciutadania del nostre municipi i per al turisme que ens visita a l&#8217;estiu, on podreu comprar productes ecol\u00f2gics, artesanals o d&#8217;elaboraci\u00f3 local, assistir als tallers i tamb\u00e9 podreu gaudir [&hellip;]\" \/>\n<meta property=\"og:url\" content=\"https:\/\/www.santjosep.net\/ca\/mercat_sant_josep\/\" \/>\n<meta property=\"og:site_name\" content=\"Santjosep.net\" \/>\n<meta property=\"article:published_time\" content=\"2018-07-30T08:23:18+00:00\" \/>\n<meta property=\"article:modified_time\" content=\"2020-01-24T07:13:25+00:00\" \/>\n<meta property=\"og:image\" content=\"https:\/\/www.santjosep.net\/wp-content\/uploads\/2018\/07\/cover_videos_0008_P1190706.jpg\" \/>\n\t<meta property=\"og:image:width\" content=\"890\" \/>\n\t<meta property=\"og:image:height\" content=\"667\" \/>\n\t<meta property=\"og:image:type\" content=\"image\/jpeg\" \/>\n<meta name=\"author\" content=\"Sant Josep\" \/>\n<meta name=\"twitter:card\" content=\"summary_large_image\" \/>\n<meta name=\"twitter:label1\" content=\"Escrit per\" \/>\n\t<meta name=\"twitter:data1\" content=\"Sant Josep\" \/>\n<script type=\"application\/ld+json\" class=\"yoast-schema-graph\">{\"@context\":\"https:\/\/schema.org\",\"@graph\":[{\"@type\":\"WebPage\",\"@id\":\"https:\/\/www.santjosep.net\/ca\/mercat_sant_josep\/\",\"url\":\"https:\/\/www.santjosep.net\/ca\/mercat_sant_josep\/\",\"name\":\"Mercat de Sant Josep - Santjosep.net\",\"isPartOf\":{\"@id\":\"https:\/\/www.santjosep.net\/#website\"},\"primaryImageOfPage\":{\"@id\":\"https:\/\/www.santjosep.net\/ca\/mercat_sant_josep\/#primaryimage\"},\"image\":{\"@id\":\"https:\/\/www.santjosep.net\/ca\/mercat_sant_josep\/#primaryimage\"},\"thumbnailUrl\":\"https:\/\/www.santjosep.net\/wp-content\/uploads\/2018\/07\/cover_videos_0008_P1190706.jpg\",\"datePublished\":\"2018-07-30T08:23:18+00:00\",\"dateModified\":\"2020-01-24T07:13:25+00:00\",\"author\":{\"@id\":\"https:\/\/www.santjosep.net\/#\/schema\/person\/b60e56f94e4e55776eb62bf4293f99b6\"},\"inLanguage\":\"ca\",\"potentialAction\":[{\"@type\":\"ReadAction\",\"target\":[\"https:\/\/www.santjosep.net\/ca\/mercat_sant_josep\/\"]}]},{\"@type\":\"ImageObject\",\"inLanguage\":\"ca\",\"@id\":\"https:\/\/www.santjosep.net\/ca\/mercat_sant_josep\/#primaryimage\",\"url\":\"https:\/\/www.santjosep.net\/wp-content\/uploads\/2018\/07\/cover_videos_0008_P1190706.jpg\",\"contentUrl\":\"https:\/\/www.santjosep.net\/wp-content\/uploads\/2018\/07\/cover_videos_0008_P1190706.jpg\",\"width\":890,\"height\":667},{\"@type\":\"WebSite\",\"@id\":\"https:\/\/www.santjosep.net\/#website\",\"url\":\"https:\/\/www.santjosep.net\/\",\"name\":\"Santjosep.net\",\"description\":\"\",\"potentialAction\":[{\"@type\":\"SearchAction\",\"target\":{\"@type\":\"EntryPoint\",\"urlTemplate\":\"https:\/\/www.santjosep.net\/?s={search_term_string}\"},\"query-input\":{\"@type\":\"PropertyValueSpecification\",\"valueRequired\":true,\"valueName\":\"search_term_string\"}}],\"inLanguage\":\"ca\"},{\"@type\":\"Person\",\"@id\":\"https:\/\/www.santjosep.net\/#\/schema\/person\/b60e56f94e4e55776eb62bf4293f99b6\",\"name\":\"Sant Josep\",\"image\":{\"@type\":\"ImageObject\",\"inLanguage\":\"ca\",\"@id\":\"https:\/\/www.santjosep.net\/#\/schema\/person\/image\/\",\"url\":\"https:\/\/secure.gravatar.com\/avatar\/2f4071817a97d2499c5aae9674ee15015b5a3c7c0974ca84f095a8e4aadcda56?s=96&d=mm&r=g\",\"contentUrl\":\"https:\/\/secure.gravatar.com\/avatar\/2f4071817a97d2499c5aae9674ee15015b5a3c7c0974ca84f095a8e4aadcda56?s=96&d=mm&r=g\",\"caption\":\"Sant Josep\"},\"url\":\"https:\/\/www.santjosep.net\/ca\/author\/fugrafic\/\"}]}<\/script>\n<!-- \/ Yoast SEO plugin. -->","yoast_head_json":{"title":"Mercat de Sant Josep - Santjosep.net","robots":{"index":"index","follow":"follow","max-snippet":"max-snippet:-1","max-image-preview":"max-image-preview:large","max-video-preview":"max-video-preview:-1"},"canonical":"https:\/\/www.santjosep.net\/ca\/mercat_sant_josep\/","og_locale":"ca_ES","og_type":"article","og_title":"Mercat de Sant Josep - Santjosep.net","og_description":"Ecol\u00f2gic, local i d&#8217;artesania Un punt de trobada per a la ciutadania del nostre municipi i per al turisme que ens visita a l&#8217;estiu, on podreu comprar productes ecol\u00f2gics, artesanals o d&#8217;elaboraci\u00f3 local, assistir als tallers i tamb\u00e9 podreu gaudir [&hellip;]","og_url":"https:\/\/www.santjosep.net\/ca\/mercat_sant_josep\/","og_site_name":"Santjosep.net","article_published_time":"2018-07-30T08:23:18+00:00","article_modified_time":"2020-01-24T07:13:25+00:00","og_image":[{"width":890,"height":667,"url":"https:\/\/www.santjosep.net\/wp-content\/uploads\/2018\/07\/cover_videos_0008_P1190706.jpg","type":"image\/jpeg"}],"author":"Sant Josep","twitter_card":"summary_large_image","twitter_misc":{"Escrit per":"Sant Josep"},"schema":{"@context":"https:\/\/schema.org","@graph":[{"@type":"WebPage","@id":"https:\/\/www.santjosep.net\/ca\/mercat_sant_josep\/","url":"https:\/\/www.santjosep.net\/ca\/mercat_sant_josep\/","name":"Mercat de Sant Josep - Santjosep.net","isPartOf":{"@id":"https:\/\/www.santjosep.net\/#website"},"primaryImageOfPage":{"@id":"https:\/\/www.santjosep.net\/ca\/mercat_sant_josep\/#primaryimage"},"image":{"@id":"https:\/\/www.santjosep.net\/ca\/mercat_sant_josep\/#primaryimage"},"thumbnailUrl":"https:\/\/www.santjosep.net\/wp-content\/uploads\/2018\/07\/cover_videos_0008_P1190706.jpg","datePublished":"2018-07-30T08:23:18+00:00","dateModified":"2020-01-24T07:13:25+00:00","author":{"@id":"https:\/\/www.santjosep.net\/#\/schema\/person\/b60e56f94e4e55776eb62bf4293f99b6"},"inLanguage":"ca","potentialAction":[{"@type":"ReadAction","target":["https:\/\/www.santjosep.net\/ca\/mercat_sant_josep\/"]}]},{"@type":"ImageObject","inLanguage":"ca","@id":"https:\/\/www.santjosep.net\/ca\/mercat_sant_josep\/#primaryimage","url":"https:\/\/www.santjosep.net\/wp-content\/uploads\/2018\/07\/cover_videos_0008_P1190706.jpg","contentUrl":"https:\/\/www.santjosep.net\/wp-content\/uploads\/2018\/07\/cover_videos_0008_P1190706.jpg","width":890,"height":667},{"@type":"WebSite","@id":"https:\/\/www.santjosep.net\/#website","url":"https:\/\/www.santjosep.net\/","name":"Santjosep.net","description":"","potentialAction":[{"@type":"SearchAction","target":{"@type":"EntryPoint","urlTemplate":"https:\/\/www.santjosep.net\/?s={search_term_string}"},"query-input":{"@type":"PropertyValueSpecification","valueRequired":true,"valueName":"search_term_string"}}],"inLanguage":"ca"},{"@type":"Person","@id":"https:\/\/www.santjosep.net\/#\/schema\/person\/b60e56f94e4e55776eb62bf4293f99b6","name":"Sant Josep","image":{"@type":"ImageObject","inLanguage":"ca","@id":"https:\/\/www.santjosep.net\/#\/schema\/person\/image\/","url":"https:\/\/secure.gravatar.com\/avatar\/2f4071817a97d2499c5aae9674ee15015b5a3c7c0974ca84f095a8e4aadcda56?s=96&d=mm&r=g","contentUrl":"https:\/\/secure.gravatar.com\/avatar\/2f4071817a97d2499c5aae9674ee15015b5a3c7c0974ca84f095a8e4aadcda56?s=96&d=mm&r=g","caption":"Sant Josep"},"url":"https:\/\/www.santjosep.net\/ca\/author\/fugrafic\/"}]}},"_links":{"self":[{"href":"https:\/\/www.santjosep.net\/ca\/wp-json\/wp\/v2\/posts\/12782","targetHints":{"allow":["GET"]}}],"collection":[{"href":"https:\/\/www.santjosep.net\/ca\/wp-json\/wp\/v2\/posts"}],"about":[{"href":"https:\/\/www.santjosep.net\/ca\/wp-json\/wp\/v2\/types\/post"}],"author":[{"embeddable":true,"href":"https:\/\/www.santjosep.net\/ca\/wp-json\/wp\/v2\/users\/1"}],"replies":[{"embeddable":true,"href":"https:\/\/www.santjosep.net\/ca\/wp-json\/wp\/v2\/comments?post=12782"}],"version-history":[{"count":0,"href":"https:\/\/www.santjosep.net\/ca\/wp-json\/wp\/v2\/posts\/12782\/revisions"}],"wp:featuredmedia":[{"embeddable":true,"href":"https:\/\/www.santjosep.net\/ca\/wp-json\/wp\/v2\/media\/21355"}],"wp:attachment":[{"href":"https:\/\/www.santjosep.net\/ca\/wp-json\/wp\/v2\/media?parent=12782"}],"wp:term":[{"taxonomy":"category","embeddable":true,"href":"https:\/\/www.santjosep.net\/ca\/wp-json\/wp\/v2\/categories?post=12782"},{"taxonomy":"post_tag","embeddable":true,"href":"https:\/\/www.santjosep.net\/ca\/wp-json\/wp\/v2\/tags?post=12782"}],"curies":[{"name":"wp","href":"https:\/\/api.w.org\/{rel}","templated":true}]}}