{"id":12624,"date":"2017-06-20T07:13:16","date_gmt":"2017-06-20T07:13:16","guid":{"rendered":"https:\/\/www.santjosep.net\/cubells-sant-josep-ibiza\/"},"modified":"2018-07-16T14:42:25","modified_gmt":"2018-07-16T14:42:25","slug":"cubells-sant-josep-ibiza","status":"publish","type":"post","link":"https:\/\/www.santjosep.net\/ca\/cubells-sant-josep-ibiza\/","title":{"rendered":"Es Cubells en Sant Josep &#8211; Ibiza"},"content":{"rendered":"<p>El <strong>poble des Cubells <\/strong>est\u00e0 situat a la vora d\u2019un penya-segat sota el qual trobarem la platja de ses Boques. En aquest poble hi ha, d\u2019una banda, un monument de l\u2019any 1996, un homenatge a la gent del mar i, d\u2019 una altra, una de les esgl\u00e9sies millor conservades i amb m\u00e9s encant de l\u2019illa d\u2019Eivissa, la des Cubells, poble on regna la bellesa i la tranquil\u00b7litat dels pobles d\u2019antany i on sembla com si el temps s\u2019hagu\u00e9s aturat. Podreu trobar m\u00e9s informaci\u00f3 sobre es Cubells<a href=\"https:\/\/www.santjosep.net\/ca\/veure\/es-cubells\/\"> aqu\u00ed<\/a>.<\/p>\n","protected":false},"excerpt":{"rendered":"<p>El poble des Cubells est\u00e0 situat a la vora d\u2019un penya-segat sota el qual trobarem la platja de ses Boques. En aquest poble hi ha, d\u2019una banda, un monument de l\u2019any 1996, un homenatge a la gent del mar i, [&hellip;]<\/p>\n","protected":false},"author":1,"featured_media":12625,"comment_status":"open","ping_status":"open","sticky":false,"template":"","format":"video","meta":{"_acf_changed":false,"inline_featured_image":false,"footnotes":""},"categories":[209,210,212,207],"tags":[],"class_list":["post-12624","post","type-post","status-publish","format-video","has-post-thumbnail","hentry","category-platjes-ca","category-pobles-ca","category-video-ca","category-zones-ca","post_format-post-format-video"],"acf":[],"geo":null,"yoast_head":"<!-- This site is optimized with the Yoast SEO plugin v25.7 - https:\/\/yoast.com\/wordpress\/plugins\/seo\/ -->\n<title>Es Cubells en Sant Josep - Ibiza - Santjosep.net<\/title>\n<meta name=\"robots\" content=\"index, follow, max-snippet:-1, max-image-preview:large, max-video-preview:-1\" \/>\n<link rel=\"canonical\" href=\"https:\/\/www.santjosep.net\/ca\/cubells-sant-josep-ibiza\/\" \/>\n<meta property=\"og:locale\" content=\"ca_ES\" \/>\n<meta property=\"og:type\" content=\"article\" \/>\n<meta property=\"og:title\" content=\"Es Cubells en Sant Josep - Ibiza - Santjosep.net\" \/>\n<meta property=\"og:description\" content=\"El poble des Cubells est\u00e0 situat a la vora d\u2019un penya-segat sota el qual trobarem la platja de ses Boques. En aquest poble hi ha, d\u2019una banda, un monument de l\u2019any 1996, un homenatge a la gent del mar i, [&hellip;]\" \/>\n<meta property=\"og:url\" content=\"https:\/\/www.santjosep.net\/ca\/cubells-sant-josep-ibiza\/\" \/>\n<meta property=\"og:site_name\" content=\"Santjosep.net\" \/>\n<meta property=\"article:published_time\" content=\"2017-06-20T07:13:16+00:00\" \/>\n<meta property=\"article:modified_time\" content=\"2018-07-16T14:42:25+00:00\" \/>\n<meta property=\"og:image\" content=\"https:\/\/www.santjosep.net\/wp-content\/uploads\/2017\/06\/cover_escubells-1.jpg\" \/>\n\t<meta property=\"og:image:width\" content=\"1000\" \/>\n\t<meta property=\"og:image:height\" content=\"667\" \/>\n\t<meta property=\"og:image:type\" content=\"image\/jpeg\" \/>\n<meta name=\"author\" content=\"Sant Josep\" \/>\n<meta name=\"twitter:card\" content=\"summary_large_image\" \/>\n<meta name=\"twitter:label1\" content=\"Escrit per\" \/>\n\t<meta name=\"twitter:data1\" content=\"Sant Josep\" \/>\n<script type=\"application\/ld+json\" class=\"yoast-schema-graph\">{\"@context\":\"https:\/\/schema.org\",\"@graph\":[{\"@type\":\"WebPage\",\"@id\":\"https:\/\/www.santjosep.net\/ca\/cubells-sant-josep-ibiza\/\",\"url\":\"https:\/\/www.santjosep.net\/ca\/cubells-sant-josep-ibiza\/\",\"name\":\"Es Cubells en Sant Josep - Ibiza - Santjosep.net\",\"isPartOf\":{\"@id\":\"https:\/\/www.santjosep.net\/#website\"},\"primaryImageOfPage\":{\"@id\":\"https:\/\/www.santjosep.net\/ca\/cubells-sant-josep-ibiza\/#primaryimage\"},\"image\":{\"@id\":\"https:\/\/www.santjosep.net\/ca\/cubells-sant-josep-ibiza\/#primaryimage\"},\"thumbnailUrl\":\"https:\/\/www.santjosep.net\/wp-content\/uploads\/2017\/06\/cover_escubells-1.jpg\",\"datePublished\":\"2017-06-20T07:13:16+00:00\",\"dateModified\":\"2018-07-16T14:42:25+00:00\",\"author\":{\"@id\":\"https:\/\/www.santjosep.net\/#\/schema\/person\/b60e56f94e4e55776eb62bf4293f99b6\"},\"inLanguage\":\"ca\",\"potentialAction\":[{\"@type\":\"ReadAction\",\"target\":[\"https:\/\/www.santjosep.net\/ca\/cubells-sant-josep-ibiza\/\"]}]},{\"@type\":\"ImageObject\",\"inLanguage\":\"ca\",\"@id\":\"https:\/\/www.santjosep.net\/ca\/cubells-sant-josep-ibiza\/#primaryimage\",\"url\":\"https:\/\/www.santjosep.net\/wp-content\/uploads\/2017\/06\/cover_escubells-1.jpg\",\"contentUrl\":\"https:\/\/www.santjosep.net\/wp-content\/uploads\/2017\/06\/cover_escubells-1.jpg\",\"width\":1000,\"height\":667},{\"@type\":\"WebSite\",\"@id\":\"https:\/\/www.santjosep.net\/#website\",\"url\":\"https:\/\/www.santjosep.net\/\",\"name\":\"Santjosep.net\",\"description\":\"\",\"potentialAction\":[{\"@type\":\"SearchAction\",\"target\":{\"@type\":\"EntryPoint\",\"urlTemplate\":\"https:\/\/www.santjosep.net\/?s={search_term_string}\"},\"query-input\":{\"@type\":\"PropertyValueSpecification\",\"valueRequired\":true,\"valueName\":\"search_term_string\"}}],\"inLanguage\":\"ca\"},{\"@type\":\"Person\",\"@id\":\"https:\/\/www.santjosep.net\/#\/schema\/person\/b60e56f94e4e55776eb62bf4293f99b6\",\"name\":\"Sant Josep\",\"image\":{\"@type\":\"ImageObject\",\"inLanguage\":\"ca\",\"@id\":\"https:\/\/www.santjosep.net\/#\/schema\/person\/image\/\",\"url\":\"https:\/\/secure.gravatar.com\/avatar\/2f4071817a97d2499c5aae9674ee15015b5a3c7c0974ca84f095a8e4aadcda56?s=96&d=mm&r=g\",\"contentUrl\":\"https:\/\/secure.gravatar.com\/avatar\/2f4071817a97d2499c5aae9674ee15015b5a3c7c0974ca84f095a8e4aadcda56?s=96&d=mm&r=g\",\"caption\":\"Sant Josep\"},\"url\":\"https:\/\/www.santjosep.net\/ca\/author\/fugrafic\/\"}]}<\/script>\n<!-- \/ Yoast SEO plugin. -->","yoast_head_json":{"title":"Es Cubells en Sant Josep - Ibiza - Santjosep.net","robots":{"index":"index","follow":"follow","max-snippet":"max-snippet:-1","max-image-preview":"max-image-preview:large","max-video-preview":"max-video-preview:-1"},"canonical":"https:\/\/www.santjosep.net\/ca\/cubells-sant-josep-ibiza\/","og_locale":"ca_ES","og_type":"article","og_title":"Es Cubells en Sant Josep - Ibiza - Santjosep.net","og_description":"El poble des Cubells est\u00e0 situat a la vora d\u2019un penya-segat sota el qual trobarem la platja de ses Boques. En aquest poble hi ha, d\u2019una banda, un monument de l\u2019any 1996, un homenatge a la gent del mar i, [&hellip;]","og_url":"https:\/\/www.santjosep.net\/ca\/cubells-sant-josep-ibiza\/","og_site_name":"Santjosep.net","article_published_time":"2017-06-20T07:13:16+00:00","article_modified_time":"2018-07-16T14:42:25+00:00","og_image":[{"width":1000,"height":667,"url":"https:\/\/www.santjosep.net\/wp-content\/uploads\/2017\/06\/cover_escubells-1.jpg","type":"image\/jpeg"}],"author":"Sant Josep","twitter_card":"summary_large_image","twitter_misc":{"Escrit per":"Sant Josep"},"schema":{"@context":"https:\/\/schema.org","@graph":[{"@type":"WebPage","@id":"https:\/\/www.santjosep.net\/ca\/cubells-sant-josep-ibiza\/","url":"https:\/\/www.santjosep.net\/ca\/cubells-sant-josep-ibiza\/","name":"Es Cubells en Sant Josep - Ibiza - Santjosep.net","isPartOf":{"@id":"https:\/\/www.santjosep.net\/#website"},"primaryImageOfPage":{"@id":"https:\/\/www.santjosep.net\/ca\/cubells-sant-josep-ibiza\/#primaryimage"},"image":{"@id":"https:\/\/www.santjosep.net\/ca\/cubells-sant-josep-ibiza\/#primaryimage"},"thumbnailUrl":"https:\/\/www.santjosep.net\/wp-content\/uploads\/2017\/06\/cover_escubells-1.jpg","datePublished":"2017-06-20T07:13:16+00:00","dateModified":"2018-07-16T14:42:25+00:00","author":{"@id":"https:\/\/www.santjosep.net\/#\/schema\/person\/b60e56f94e4e55776eb62bf4293f99b6"},"inLanguage":"ca","potentialAction":[{"@type":"ReadAction","target":["https:\/\/www.santjosep.net\/ca\/cubells-sant-josep-ibiza\/"]}]},{"@type":"ImageObject","inLanguage":"ca","@id":"https:\/\/www.santjosep.net\/ca\/cubells-sant-josep-ibiza\/#primaryimage","url":"https:\/\/www.santjosep.net\/wp-content\/uploads\/2017\/06\/cover_escubells-1.jpg","contentUrl":"https:\/\/www.santjosep.net\/wp-content\/uploads\/2017\/06\/cover_escubells-1.jpg","width":1000,"height":667},{"@type":"WebSite","@id":"https:\/\/www.santjosep.net\/#website","url":"https:\/\/www.santjosep.net\/","name":"Santjosep.net","description":"","potentialAction":[{"@type":"SearchAction","target":{"@type":"EntryPoint","urlTemplate":"https:\/\/www.santjosep.net\/?s={search_term_string}"},"query-input":{"@type":"PropertyValueSpecification","valueRequired":true,"valueName":"search_term_string"}}],"inLanguage":"ca"},{"@type":"Person","@id":"https:\/\/www.santjosep.net\/#\/schema\/person\/b60e56f94e4e55776eb62bf4293f99b6","name":"Sant Josep","image":{"@type":"ImageObject","inLanguage":"ca","@id":"https:\/\/www.santjosep.net\/#\/schema\/person\/image\/","url":"https:\/\/secure.gravatar.com\/avatar\/2f4071817a97d2499c5aae9674ee15015b5a3c7c0974ca84f095a8e4aadcda56?s=96&d=mm&r=g","contentUrl":"https:\/\/secure.gravatar.com\/avatar\/2f4071817a97d2499c5aae9674ee15015b5a3c7c0974ca84f095a8e4aadcda56?s=96&d=mm&r=g","caption":"Sant Josep"},"url":"https:\/\/www.santjosep.net\/ca\/author\/fugrafic\/"}]}},"_links":{"self":[{"href":"https:\/\/www.santjosep.net\/ca\/wp-json\/wp\/v2\/posts\/12624","targetHints":{"allow":["GET"]}}],"collection":[{"href":"https:\/\/www.santjosep.net\/ca\/wp-json\/wp\/v2\/posts"}],"about":[{"href":"https:\/\/www.santjosep.net\/ca\/wp-json\/wp\/v2\/types\/post"}],"author":[{"embeddable":true,"href":"https:\/\/www.santjosep.net\/ca\/wp-json\/wp\/v2\/users\/1"}],"replies":[{"embeddable":true,"href":"https:\/\/www.santjosep.net\/ca\/wp-json\/wp\/v2\/comments?post=12624"}],"version-history":[{"count":0,"href":"https:\/\/www.santjosep.net\/ca\/wp-json\/wp\/v2\/posts\/12624\/revisions"}],"wp:featuredmedia":[{"embeddable":true,"href":"https:\/\/www.santjosep.net\/ca\/wp-json\/wp\/v2\/media\/12625"}],"wp:attachment":[{"href":"https:\/\/www.santjosep.net\/ca\/wp-json\/wp\/v2\/media?parent=12624"}],"wp:term":[{"taxonomy":"category","embeddable":true,"href":"https:\/\/www.santjosep.net\/ca\/wp-json\/wp\/v2\/categories?post=12624"},{"taxonomy":"post_tag","embeddable":true,"href":"https:\/\/www.santjosep.net\/ca\/wp-json\/wp\/v2\/tags?post=12624"}],"curies":[{"name":"wp","href":"https:\/\/api.w.org\/{rel}","templated":true}]}}