{"id":12567,"date":"2018-02-27T10:19:10","date_gmt":"2018-02-27T10:19:10","guid":{"rendered":"https:\/\/www.santjosep.net\/naturaleza-en-estado-puro-ses-salines-de-ibiza\/"},"modified":"2020-01-22T10:54:48","modified_gmt":"2020-01-22T09:54:48","slug":"naturaleza-en-estado-puro-ses-salines-de-ibiza","status":"publish","type":"post","link":"https:\/\/www.santjosep.net\/ca\/naturaleza-en-estado-puro-ses-salines-de-ibiza\/","title":{"rendered":"Natura en estat pur, ses Salines d\u2019Eivissa."},"content":{"rendered":"<p><strong>Ses Salines<\/strong> \u00e9s la zona situada m\u00e9s al sud de l\u2019illa d\u2019Eivissa i destaca per ser un Parc Natural que abra\u00e7a tamb\u00e9 el nord de Formentera. En aquesta zona encara es segueix extraient i exportant una gran quantitat de sal. De fet, des de la carretera principal, podreu veure les incre\u00efbles muntanyes blanques de sal preparada per a ser refinada. La sal va ser durant segles el suport econ\u00f2mic de moltes de les fam\u00edlies de l\u2019illa. Els saliners tenen reconeguda la seva dura labor amb una est\u00e0tua a la vora de l\u2019esgl\u00e9sia de Sant Francesc de ses Salines.<\/p>\n<p>&nbsp;<\/p>\n<p><img loading=\"lazy\" decoding=\"async\" class=\"alignnone size-large wp-image-11232\" src=\"https:\/\/www.santjosep.net\/wp-content\/uploads\/2014\/01\/P1220291-1024x768.jpg\" alt=\"\" width=\"1024\" height=\"768\" srcset=\"https:\/\/www.santjosep.net\/wp-content\/uploads\/2014\/01\/P1220291-1024x768.jpg 1024w, https:\/\/www.santjosep.net\/wp-content\/uploads\/2014\/01\/P1220291-300x225.jpg 300w, https:\/\/www.santjosep.net\/wp-content\/uploads\/2014\/01\/P1220291-768x576.jpg 768w, https:\/\/www.santjosep.net\/wp-content\/uploads\/2014\/01\/P1220291.jpg 1500w\" sizes=\"auto, (max-width: 1024px) 100vw, 1024px\" \/><\/p>\n<p>La bellesa biol\u00f2gica del lloc contrasta amb l\u2019ambient tur\u00edstic i cosmopolita dels mesos d\u2019estiu, ja que \u00e9s on es troben algunes de les platges m\u00e9s famoses de Mediterrani. Seguint la carretera que va cap a la platja de ses Salines, hi ha diferents desviaments que ens condueixen a altres meravelloses platges i cales.<\/p>\n<p>En primer lloc, trobarem <strong>sa Sal Rossa<\/strong>, al final de Platja d\u2019en Bossa. \u00c9s una petita cala rocosa, rodejada de casetes varador on els illencs guarden les seues barques i passen el cap de setmana. \u00c9s una cala molt tranquil\u00b7la, amb poca aflu\u00e8ncia.<\/p>\n<div id=\"attachment_11235\" style=\"width: 1034px\" class=\"wp-caption alignnone\"><img loading=\"lazy\" decoding=\"async\" aria-describedby=\"caption-attachment-11235\" class=\"wp-image-11235 size-large\" src=\"https:\/\/www.santjosep.net\/wp-content\/uploads\/2014\/01\/IMG_4054-1024x683.jpg\" alt=\"\" width=\"1024\" height=\"683\" srcset=\"https:\/\/www.santjosep.net\/wp-content\/uploads\/2014\/01\/IMG_4054-1024x683.jpg 1024w, https:\/\/www.santjosep.net\/wp-content\/uploads\/2014\/01\/IMG_4054-300x200.jpg 300w, https:\/\/www.santjosep.net\/wp-content\/uploads\/2014\/01\/IMG_4054-768x512.jpg 768w, https:\/\/www.santjosep.net\/wp-content\/uploads\/2014\/01\/IMG_4054.jpg 1500w\" sizes=\"auto, (max-width: 1024px) 100vw, 1024px\" \/><p id=\"caption-attachment-11235\" class=\"wp-caption-text\">Platja Es Cavallet<\/p><\/div>\n<p>Una altra de les imprescindibles \u00e9s <strong>es Cavallet<\/strong>, la primera platja nudista de l\u2019illa. La puresa de la seua aigua i l\u2019arena blanca la fan una platja \u00fanica i excepcional. A m\u00e9s, podreu gaudir de la bona cuina a qualsevol de les terrasses dels restaurants i quiosquets situats al llarg de l\u2019arena. Al cam\u00ed que us condueix a la platja, hi ha un desviament que arriba fins a la capella de la Revista, dissimulada entre cases i vegetaci\u00f3 aut\u00f2ctona. \u00c9s un lloc ben bonic per con\u00e8ixer l\u2019arquitectura religiosa tradicional de l\u2019illa i, a m\u00e9s, per aturar-se a descansar.<\/p>\n<div id=\"attachment_11238\" style=\"width: 1034px\" class=\"wp-caption alignnone\"><img loading=\"lazy\" decoding=\"async\" aria-describedby=\"caption-attachment-11238\" class=\"wp-image-11238 size-large\" src=\"https:\/\/www.santjosep.net\/wp-content\/uploads\/2014\/01\/P1220393-1024x768.jpg\" alt=\"\" width=\"1024\" height=\"768\" srcset=\"https:\/\/www.santjosep.net\/wp-content\/uploads\/2014\/01\/P1220393-1024x768.jpg 1024w, https:\/\/www.santjosep.net\/wp-content\/uploads\/2014\/01\/P1220393-300x225.jpg 300w, https:\/\/www.santjosep.net\/wp-content\/uploads\/2014\/01\/P1220393-768x576.jpg 768w, https:\/\/www.santjosep.net\/wp-content\/uploads\/2014\/01\/P1220393.jpg 1500w\" sizes=\"auto, (max-width: 1024px) 100vw, 1024px\" \/><p id=\"caption-attachment-11238\" class=\"wp-caption-text\">Platja de Ses Salines<\/p><\/div>\n<p>Al final de la carretera, arribarem a ses Salines, una de les platges m\u00e9s conegudes d\u2019Eivissa per la sorra blanca, les aig\u00fces cristal\u00b7lines i, sobretot, pel seu ambient. Podreu gaudir del sol, d\u2019un relaxant massatge, d\u2019un refrescant c\u00f2ctel i de la gastronomia en algun dels restaurants que l\u2019han convertit en un referent per a famosos i turistes, un punt de retrobament. No \u00e9s dif\u00edcil trobar-se amb personatges del m\u00f3n de l\u2019espectacle, esportistes d\u2019elit, models&#8230; caminant per la vora i passejant fins a la torre de ses Portes.<\/p>\n<p><img loading=\"lazy\" decoding=\"async\" class=\"alignnone size-large wp-image-11241\" src=\"https:\/\/www.santjosep.net\/wp-content\/uploads\/2014\/01\/IMG_6321-1024x683.jpg\" alt=\"\" width=\"1024\" height=\"683\" srcset=\"https:\/\/www.santjosep.net\/wp-content\/uploads\/2014\/01\/IMG_6321-1024x683.jpg 1024w, https:\/\/www.santjosep.net\/wp-content\/uploads\/2014\/01\/IMG_6321-300x200.jpg 300w, https:\/\/www.santjosep.net\/wp-content\/uploads\/2014\/01\/IMG_6321-768x512.jpg 768w, https:\/\/www.santjosep.net\/wp-content\/uploads\/2014\/01\/IMG_6321.jpg 1200w\" sizes=\"auto, (max-width: 1024px) 100vw, 1024px\" \/><\/p>\n<p>Just a l\u2019extrem oposat de sa Sal Rossa, hi ha la <strong>platja des Codolar<\/strong>. Es tracta d\u2019una platja de c\u00f2dols (d\u2019aqu\u00ed ve el seu nom) on quasi no hi ha gent. \u00c9s agradable banyar-se en un lloc quasi desert, tot i que al final hi trobareu un <i>beach restaurant<\/i>, al <strong>cap des Falc\u00f3<\/strong> (es diu aix\u00ed perqu\u00e8 hi ha un penya-segat que sembla el cap d\u2019una \u00e0guila). Us podreu relaxar a les gandules i al vespre contemplar la posta de sol. A m\u00e9s, de cam\u00ed al cap des Falc\u00f3, podreu veure molt de prop els estanys del Parc Natural on viuen una gran varietat d\u2019aus protegides. Durant quasi tot l\u2019any, els flamencs tenyeixen de rosa aquest lloc. \u00c9s una visita obligada per als amants de la natura i tamb\u00e9 de la fotografia.<\/p>\n","protected":false},"excerpt":{"rendered":"<p>Ses Salines \u00e9s la zona situada m\u00e9s al sud de l\u2019illa d\u2019Eivissa i destaca per ser un Parc Natural que abra\u00e7a tamb\u00e9 el nord de Formentera. En aquesta zona encara es segueix extraient i exportant una gran quantitat de sal. [&hellip;]<\/p>\n","protected":false},"author":1,"featured_media":21296,"comment_status":"open","ping_status":"open","sticky":false,"template":"","format":"standard","meta":{"_acf_changed":false,"inline_featured_image":false,"footnotes":""},"categories":[205,207],"tags":[],"class_list":["post-12567","post","type-post","status-publish","format-standard","has-post-thumbnail","hentry","category-passejades-ca","category-zones-ca"],"acf":[],"geo":null,"yoast_head":"<!-- This site is optimized with the Yoast SEO plugin v25.7 - https:\/\/yoast.com\/wordpress\/plugins\/seo\/ -->\n<title>Natura en estat pur, ses Salines d\u2019Eivissa. - Santjosep.net<\/title>\n<meta name=\"robots\" content=\"index, follow, max-snippet:-1, max-image-preview:large, max-video-preview:-1\" \/>\n<link rel=\"canonical\" href=\"https:\/\/www.santjosep.net\/ca\/naturaleza-en-estado-puro-ses-salines-de-ibiza\/\" \/>\n<meta property=\"og:locale\" content=\"ca_ES\" \/>\n<meta property=\"og:type\" content=\"article\" \/>\n<meta property=\"og:title\" content=\"Natura en estat pur, ses Salines d\u2019Eivissa. - Santjosep.net\" \/>\n<meta property=\"og:description\" content=\"Ses Salines \u00e9s la zona situada m\u00e9s al sud de l\u2019illa d\u2019Eivissa i destaca per ser un Parc Natural que abra\u00e7a tamb\u00e9 el nord de Formentera. En aquesta zona encara es segueix extraient i exportant una gran quantitat de sal. [&hellip;]\" \/>\n<meta property=\"og:url\" content=\"https:\/\/www.santjosep.net\/ca\/naturaleza-en-estado-puro-ses-salines-de-ibiza\/\" \/>\n<meta property=\"og:site_name\" content=\"Santjosep.net\" \/>\n<meta property=\"article:published_time\" content=\"2018-02-27T10:19:10+00:00\" \/>\n<meta property=\"article:modified_time\" content=\"2020-01-22T09:54:48+00:00\" \/>\n<meta property=\"og:image\" content=\"https:\/\/www.santjosep.net\/wp-content\/uploads\/2018\/02\/naturalezaenestadopuro.jpg\" \/>\n\t<meta property=\"og:image:width\" content=\"2000\" \/>\n\t<meta property=\"og:image:height\" content=\"1500\" \/>\n\t<meta property=\"og:image:type\" content=\"image\/jpeg\" \/>\n<meta name=\"author\" content=\"Sant Josep\" \/>\n<meta name=\"twitter:card\" content=\"summary_large_image\" \/>\n<meta name=\"twitter:label1\" content=\"Escrit per\" \/>\n\t<meta name=\"twitter:data1\" content=\"Sant Josep\" \/>\n\t<meta name=\"twitter:label2\" content=\"Temps estimat de lectura\" \/>\n\t<meta name=\"twitter:data2\" content=\"3 minuts\" \/>\n<script type=\"application\/ld+json\" class=\"yoast-schema-graph\">{\"@context\":\"https:\/\/schema.org\",\"@graph\":[{\"@type\":\"WebPage\",\"@id\":\"https:\/\/www.santjosep.net\/ca\/naturaleza-en-estado-puro-ses-salines-de-ibiza\/\",\"url\":\"https:\/\/www.santjosep.net\/ca\/naturaleza-en-estado-puro-ses-salines-de-ibiza\/\",\"name\":\"Natura en estat pur, ses Salines d\u2019Eivissa. - Santjosep.net\",\"isPartOf\":{\"@id\":\"https:\/\/www.santjosep.net\/#website\"},\"primaryImageOfPage\":{\"@id\":\"https:\/\/www.santjosep.net\/ca\/naturaleza-en-estado-puro-ses-salines-de-ibiza\/#primaryimage\"},\"image\":{\"@id\":\"https:\/\/www.santjosep.net\/ca\/naturaleza-en-estado-puro-ses-salines-de-ibiza\/#primaryimage\"},\"thumbnailUrl\":\"https:\/\/www.santjosep.net\/wp-content\/uploads\/2018\/02\/naturalezaenestadopuro.jpg\",\"datePublished\":\"2018-02-27T10:19:10+00:00\",\"dateModified\":\"2020-01-22T09:54:48+00:00\",\"author\":{\"@id\":\"https:\/\/www.santjosep.net\/#\/schema\/person\/b60e56f94e4e55776eb62bf4293f99b6\"},\"inLanguage\":\"ca\",\"potentialAction\":[{\"@type\":\"ReadAction\",\"target\":[\"https:\/\/www.santjosep.net\/ca\/naturaleza-en-estado-puro-ses-salines-de-ibiza\/\"]}]},{\"@type\":\"ImageObject\",\"inLanguage\":\"ca\",\"@id\":\"https:\/\/www.santjosep.net\/ca\/naturaleza-en-estado-puro-ses-salines-de-ibiza\/#primaryimage\",\"url\":\"https:\/\/www.santjosep.net\/wp-content\/uploads\/2018\/02\/naturalezaenestadopuro.jpg\",\"contentUrl\":\"https:\/\/www.santjosep.net\/wp-content\/uploads\/2018\/02\/naturalezaenestadopuro.jpg\",\"width\":2000,\"height\":1500},{\"@type\":\"WebSite\",\"@id\":\"https:\/\/www.santjosep.net\/#website\",\"url\":\"https:\/\/www.santjosep.net\/\",\"name\":\"Santjosep.net\",\"description\":\"\",\"potentialAction\":[{\"@type\":\"SearchAction\",\"target\":{\"@type\":\"EntryPoint\",\"urlTemplate\":\"https:\/\/www.santjosep.net\/?s={search_term_string}\"},\"query-input\":{\"@type\":\"PropertyValueSpecification\",\"valueRequired\":true,\"valueName\":\"search_term_string\"}}],\"inLanguage\":\"ca\"},{\"@type\":\"Person\",\"@id\":\"https:\/\/www.santjosep.net\/#\/schema\/person\/b60e56f94e4e55776eb62bf4293f99b6\",\"name\":\"Sant Josep\",\"image\":{\"@type\":\"ImageObject\",\"inLanguage\":\"ca\",\"@id\":\"https:\/\/www.santjosep.net\/#\/schema\/person\/image\/\",\"url\":\"https:\/\/secure.gravatar.com\/avatar\/2f4071817a97d2499c5aae9674ee15015b5a3c7c0974ca84f095a8e4aadcda56?s=96&d=mm&r=g\",\"contentUrl\":\"https:\/\/secure.gravatar.com\/avatar\/2f4071817a97d2499c5aae9674ee15015b5a3c7c0974ca84f095a8e4aadcda56?s=96&d=mm&r=g\",\"caption\":\"Sant Josep\"},\"url\":\"https:\/\/www.santjosep.net\/ca\/author\/fugrafic\/\"}]}<\/script>\n<!-- \/ Yoast SEO plugin. -->","yoast_head_json":{"title":"Natura en estat pur, ses Salines d\u2019Eivissa. - Santjosep.net","robots":{"index":"index","follow":"follow","max-snippet":"max-snippet:-1","max-image-preview":"max-image-preview:large","max-video-preview":"max-video-preview:-1"},"canonical":"https:\/\/www.santjosep.net\/ca\/naturaleza-en-estado-puro-ses-salines-de-ibiza\/","og_locale":"ca_ES","og_type":"article","og_title":"Natura en estat pur, ses Salines d\u2019Eivissa. - Santjosep.net","og_description":"Ses Salines \u00e9s la zona situada m\u00e9s al sud de l\u2019illa d\u2019Eivissa i destaca per ser un Parc Natural que abra\u00e7a tamb\u00e9 el nord de Formentera. En aquesta zona encara es segueix extraient i exportant una gran quantitat de sal. [&hellip;]","og_url":"https:\/\/www.santjosep.net\/ca\/naturaleza-en-estado-puro-ses-salines-de-ibiza\/","og_site_name":"Santjosep.net","article_published_time":"2018-02-27T10:19:10+00:00","article_modified_time":"2020-01-22T09:54:48+00:00","og_image":[{"width":2000,"height":1500,"url":"https:\/\/www.santjosep.net\/wp-content\/uploads\/2018\/02\/naturalezaenestadopuro.jpg","type":"image\/jpeg"}],"author":"Sant Josep","twitter_card":"summary_large_image","twitter_misc":{"Escrit per":"Sant Josep","Temps estimat de lectura":"3 minuts"},"schema":{"@context":"https:\/\/schema.org","@graph":[{"@type":"WebPage","@id":"https:\/\/www.santjosep.net\/ca\/naturaleza-en-estado-puro-ses-salines-de-ibiza\/","url":"https:\/\/www.santjosep.net\/ca\/naturaleza-en-estado-puro-ses-salines-de-ibiza\/","name":"Natura en estat pur, ses Salines d\u2019Eivissa. - Santjosep.net","isPartOf":{"@id":"https:\/\/www.santjosep.net\/#website"},"primaryImageOfPage":{"@id":"https:\/\/www.santjosep.net\/ca\/naturaleza-en-estado-puro-ses-salines-de-ibiza\/#primaryimage"},"image":{"@id":"https:\/\/www.santjosep.net\/ca\/naturaleza-en-estado-puro-ses-salines-de-ibiza\/#primaryimage"},"thumbnailUrl":"https:\/\/www.santjosep.net\/wp-content\/uploads\/2018\/02\/naturalezaenestadopuro.jpg","datePublished":"2018-02-27T10:19:10+00:00","dateModified":"2020-01-22T09:54:48+00:00","author":{"@id":"https:\/\/www.santjosep.net\/#\/schema\/person\/b60e56f94e4e55776eb62bf4293f99b6"},"inLanguage":"ca","potentialAction":[{"@type":"ReadAction","target":["https:\/\/www.santjosep.net\/ca\/naturaleza-en-estado-puro-ses-salines-de-ibiza\/"]}]},{"@type":"ImageObject","inLanguage":"ca","@id":"https:\/\/www.santjosep.net\/ca\/naturaleza-en-estado-puro-ses-salines-de-ibiza\/#primaryimage","url":"https:\/\/www.santjosep.net\/wp-content\/uploads\/2018\/02\/naturalezaenestadopuro.jpg","contentUrl":"https:\/\/www.santjosep.net\/wp-content\/uploads\/2018\/02\/naturalezaenestadopuro.jpg","width":2000,"height":1500},{"@type":"WebSite","@id":"https:\/\/www.santjosep.net\/#website","url":"https:\/\/www.santjosep.net\/","name":"Santjosep.net","description":"","potentialAction":[{"@type":"SearchAction","target":{"@type":"EntryPoint","urlTemplate":"https:\/\/www.santjosep.net\/?s={search_term_string}"},"query-input":{"@type":"PropertyValueSpecification","valueRequired":true,"valueName":"search_term_string"}}],"inLanguage":"ca"},{"@type":"Person","@id":"https:\/\/www.santjosep.net\/#\/schema\/person\/b60e56f94e4e55776eb62bf4293f99b6","name":"Sant Josep","image":{"@type":"ImageObject","inLanguage":"ca","@id":"https:\/\/www.santjosep.net\/#\/schema\/person\/image\/","url":"https:\/\/secure.gravatar.com\/avatar\/2f4071817a97d2499c5aae9674ee15015b5a3c7c0974ca84f095a8e4aadcda56?s=96&d=mm&r=g","contentUrl":"https:\/\/secure.gravatar.com\/avatar\/2f4071817a97d2499c5aae9674ee15015b5a3c7c0974ca84f095a8e4aadcda56?s=96&d=mm&r=g","caption":"Sant Josep"},"url":"https:\/\/www.santjosep.net\/ca\/author\/fugrafic\/"}]}},"_links":{"self":[{"href":"https:\/\/www.santjosep.net\/ca\/wp-json\/wp\/v2\/posts\/12567","targetHints":{"allow":["GET"]}}],"collection":[{"href":"https:\/\/www.santjosep.net\/ca\/wp-json\/wp\/v2\/posts"}],"about":[{"href":"https:\/\/www.santjosep.net\/ca\/wp-json\/wp\/v2\/types\/post"}],"author":[{"embeddable":true,"href":"https:\/\/www.santjosep.net\/ca\/wp-json\/wp\/v2\/users\/1"}],"replies":[{"embeddable":true,"href":"https:\/\/www.santjosep.net\/ca\/wp-json\/wp\/v2\/comments?post=12567"}],"version-history":[{"count":0,"href":"https:\/\/www.santjosep.net\/ca\/wp-json\/wp\/v2\/posts\/12567\/revisions"}],"wp:featuredmedia":[{"embeddable":true,"href":"https:\/\/www.santjosep.net\/ca\/wp-json\/wp\/v2\/media\/21296"}],"wp:attachment":[{"href":"https:\/\/www.santjosep.net\/ca\/wp-json\/wp\/v2\/media?parent=12567"}],"wp:term":[{"taxonomy":"category","embeddable":true,"href":"https:\/\/www.santjosep.net\/ca\/wp-json\/wp\/v2\/categories?post=12567"},{"taxonomy":"post_tag","embeddable":true,"href":"https:\/\/www.santjosep.net\/ca\/wp-json\/wp\/v2\/tags?post=12567"}],"curies":[{"name":"wp","href":"https:\/\/api.w.org\/{rel}","templated":true}]}}