{"id":12558,"date":"2017-11-23T11:57:34","date_gmt":"2017-11-23T11:57:34","guid":{"rendered":"https:\/\/www.santjosep.net\/fira-la-sal\/"},"modified":"2020-01-23T18:21:18","modified_gmt":"2020-01-23T17:21:18","slug":"fira-la-sal","status":"publish","type":"post","link":"https:\/\/www.santjosep.net\/ca\/fira-la-sal\/","title":{"rendered":"Fira de la Sal"},"content":{"rendered":"<p>A l\u2019octubre es celebra a les Salines d\u2019Eivissa la <strong>Fira de la Sal<\/strong>, un nou esdeveniment tur\u00edstic i cultural enfocat a difondre el nostre patrimoni i cultura. Organitzat per l\u2019Ajuntament de Sant Josep, el Consell d\u2019Eivissa i el <strong>Parc Natural de ses Salines d\u2019Eivissa i Formentera<\/strong> vol ser un homenatge i record a la gent que va treballar a ses salines i donar a con\u00e8ixer, mitjan\u00e7ant diferents activitats, les tradicions que envolten l\u2019extracci\u00f3 manual de la sal.<\/p>\n<p><span style=\"font-weight: 400;\">\u00c9s una iniciativa per a desestacionalitzar la temporada tur\u00edstica i convertir-se en un atractiu m\u00e9s, tant per a residents com per a visitants, a m\u00e9s de lligar <strong>tradicions<\/strong> i <strong>cultura<\/strong> al turisme mitjan\u00e7ant activitats que tenen a veure amb usos tradicionals i costums, generant una oferta diversificada i que, a la vegada, permet que la gent s\u2019apropi al Parc Natural amb una altra visi\u00f3.<\/span><\/p>\n<p><b>HIST\u00d2RIA<\/b><\/p>\n<p>La sal va tenir una gran import\u00e0ncia al m\u00f3n antic com a conservant d\u2019aliments. Els primers a explotar la producci\u00f3 de la sal varen ser els <strong>cartaginesos<\/strong> al segle V aC. Despr\u00e9s va estar explotada per colons fenicis, grans productors de sala\u00f3 de peix, fins a arribar a les mans de la Corona. Finalment, varen passar a mans privades l\u2019any 1871, per\u00f2 tot i que l\u2019explotaci\u00f3 de la sal sigui privada, el r\u00e8gim de protecci\u00f3 p\u00fablica dels seus bonics paisatges per la seva condici\u00f3 de <strong>Parc Natural<\/strong> fa que conservin tant la seva bellesa com les seues caracter\u00edstiques tradicionals.<\/p>\n<p>Aquesta activitat ha continuat fins a l\u2019actualitat, tant \u00e9s aix\u00ed que s\u2019ha convertit en la font principal de riquesa hist\u00f2rica d\u2019Eivissa: els seus ingressos eren la base de l\u2019economia, per la qual cosa permetien la subsist\u00e8ncia de la Universitat i del Govern i sufragaven les murades i les torres de defensa de tota l\u2019illa.<\/p>\n<p><img loading=\"lazy\" decoding=\"async\" class=\"alignnone size-large wp-image-10198\" src=\"https:\/\/www.santjosep.net\/wp-content\/uploads\/2017\/11\/salineros-ibiza-1024x694-1024x693.jpg\" alt=\"\" width=\"1024\" height=\"693\" srcset=\"https:\/\/www.santjosep.net\/wp-content\/uploads\/2017\/11\/salineros-ibiza-1024x694-1024x693.jpg 1024w, https:\/\/www.santjosep.net\/wp-content\/uploads\/2017\/11\/salineros-ibiza-1024x694-300x203.jpg 300w, https:\/\/www.santjosep.net\/wp-content\/uploads\/2017\/11\/salineros-ibiza-1024x694-768x520.jpg 768w, https:\/\/www.santjosep.net\/wp-content\/uploads\/2017\/11\/salineros-ibiza-1024x694.jpg 1164w\" sizes=\"auto, (max-width: 1024px) 100vw, 1024px\" \/><\/p>\n<p><img loading=\"lazy\" decoding=\"async\" class=\"size-large wp-image-10165\" src=\"https:\/\/www.santjosep.net\/wp-content\/uploads\/2017\/11\/II-Fira-de-la-Sal__SGC5202-1024x683.jpg\" alt=\"\" width=\"1024\" height=\"683\" srcset=\"https:\/\/www.santjosep.net\/wp-content\/uploads\/2017\/11\/II-Fira-de-la-Sal__SGC5202-1024x683.jpg 1024w, https:\/\/www.santjosep.net\/wp-content\/uploads\/2017\/11\/II-Fira-de-la-Sal__SGC5202-300x200.jpg 300w, https:\/\/www.santjosep.net\/wp-content\/uploads\/2017\/11\/II-Fira-de-la-Sal__SGC5202-768x512.jpg 768w\" sizes=\"auto, (max-width: 1024px) 100vw, 1024px\" \/><\/p>\n<p><b>SALINES I SALINERS<\/b><\/p>\n<p>La fira es va inaugurar amb un foguer\u00f3 com es feia a l\u2019era de <strong>l\u2019Antic Munt de Sal<\/strong>, fent refer\u00e8ncia d\u2019aquesta manera a l\u2019antiga tradici\u00f3 que convocava els saliners de tota l\u2019illa a treballar en l\u2019extracci\u00f3 de sal.<br \/>\nLa <strong>torre de sa Sal Rossa<\/strong>, que protegia l\u2019antic embarcador de sal, ofereix visites teatralitzades amb vigilants saliners i pirates.<\/p>\n<p>Com a acte central, es representa una extracci\u00f3 manual de sal per un grup de saliners als estanys, amb els estris i la indument\u00e0ria original. L\u2019extracci\u00f3 de sal es realitzava de forma manual fins a l\u2019any 1955, quan la &#8220;<a href=\"http:\/\/www.salineraespanola.com\"><strong>Salinera Espa\u00f1ola<\/strong><\/a>\u201d va iniciar la seva mecanitzaci\u00f3 i ara, molts d\u2019anys despr\u00e9s, tenim l\u2019 oportunitat de veure una representaci\u00f3 molt real comentada per algun antic treballador saliner.<\/p>\n<p><img loading=\"lazy\" decoding=\"async\" class=\"size-large wp-image-10215\" src=\"https:\/\/www.santjosep.net\/wp-content\/uploads\/2017\/11\/II-Fira-de-la-Sal__SGC6085-1024x683.jpg\" alt=\"\" width=\"1024\" height=\"683\" srcset=\"https:\/\/www.santjosep.net\/wp-content\/uploads\/2017\/11\/II-Fira-de-la-Sal__SGC6085-1024x683.jpg 1024w, https:\/\/www.santjosep.net\/wp-content\/uploads\/2017\/11\/II-Fira-de-la-Sal__SGC6085-300x200.jpg 300w, https:\/\/www.santjosep.net\/wp-content\/uploads\/2017\/11\/II-Fira-de-la-Sal__SGC6085-768x512.jpg 768w\" sizes=\"auto, (max-width: 1024px) 100vw, 1024px\" \/><\/p>\n<p><b>NATURA<\/b><\/p>\n<p><strong>El Parc Natural de ses Salines d\u2019Eivissa i Formentera<\/strong> \u00e9s l\u2019espai natural de major riquesa i valor de les illes Piti\u00fcses per la seva gran biodiversitat i ecosistemes. Les visites guiades durant tot el mat\u00ed del <strong>Centre d\u2019Interpretaci\u00f3<\/strong> ofereixen la possibilitat de gaudir de la seva singularitat.<\/p>\n<p><img loading=\"lazy\" decoding=\"async\" class=\"size-large wp-image-10168\" src=\"https:\/\/www.santjosep.net\/wp-content\/uploads\/2017\/11\/II-Fira-de-la-Sal__SGC6264-1024x683.jpg\" alt=\"\" width=\"1024\" height=\"683\" srcset=\"https:\/\/www.santjosep.net\/wp-content\/uploads\/2017\/11\/II-Fira-de-la-Sal__SGC6264-1024x683.jpg 1024w, https:\/\/www.santjosep.net\/wp-content\/uploads\/2017\/11\/II-Fira-de-la-Sal__SGC6264-300x200.jpg 300w, https:\/\/www.santjosep.net\/wp-content\/uploads\/2017\/11\/II-Fira-de-la-Sal__SGC6264-768x512.jpg 768w\" sizes=\"auto, (max-width: 1024px) 100vw, 1024px\" \/><\/p>\n<p><b>TRADICI\u00d3 I GASTRONOMIA<\/b><\/p>\n<p>Es mostren i s\u2019expliquen els usos tradicionals de la sal com a conservant (olives, ossos i peix sec) amb una degustaci\u00f3 d\u2019un plat tradicional preparat amb ossos salats:<strong> ossos amb col<\/strong>.<\/p>\n<p>Tamb\u00e9 s\u2019ha de destacar que al migdia, els restaurants de la zona participen en la degustaci\u00f3 de plats t\u00edpics oferint un men\u00fa especial, amb productes de temporada i la sal d\u2019Eivissa com a protagonista.<\/p>\n<p>El grup folkl\u00f2ric de Sant Jordi representa el ball tradicional eivissenc i el capell\u00e0 representa l\u2019antic ritual cristi\u00e0 de la <strong>Salpassa<\/strong>, que recorria les cases de la zona deixant aigua bene\u00efda i sal a les portes per a protegir-les.<\/p>\n<p><img loading=\"lazy\" decoding=\"async\" class=\"size-large wp-image-10171\" src=\"https:\/\/www.santjosep.net\/wp-content\/uploads\/2017\/11\/II-Fira-de-la-Sal__SGC6623-1024x683.jpg\" alt=\"\" width=\"1024\" height=\"683\" srcset=\"https:\/\/www.santjosep.net\/wp-content\/uploads\/2017\/11\/II-Fira-de-la-Sal__SGC6623-1024x683.jpg 1024w, https:\/\/www.santjosep.net\/wp-content\/uploads\/2017\/11\/II-Fira-de-la-Sal__SGC6623-300x200.jpg 300w, https:\/\/www.santjosep.net\/wp-content\/uploads\/2017\/11\/II-Fira-de-la-Sal__SGC6623-768x512.jpg 768w\" sizes=\"auto, (max-width: 1024px) 100vw, 1024px\" \/><\/p>\n<p><b>CULTURA I PATRIMONI<\/b><\/p>\n<p>Es projecten audiovisuals a la sala d\u2019exposicions de la salinera<strong> La Nave<\/strong>, amb col\u00b7loquis i confer\u00e8ncies on historiadors i antics saliners expliquen la import\u00e0ncia hist\u00f2rica i patrimonial de la ind\u00fastria salinera. Es pot visitar el <strong>pou des Carb\u00f3<\/strong>, d\u2019 un gran valor patrimonial que des de l\u2019any 1735 fins a avui dia subministra aigua i que es va utilitzar en les tasques de la collita de la sal.<\/p>\n<p>[new_royalslider id=&#8221;79&#8243;<\/p>\n","protected":false},"excerpt":{"rendered":"<p>A l\u2019octubre es celebra a les Salines d\u2019Eivissa la Fira de la Sal, un nou esdeveniment tur\u00edstic i cultural enfocat a difondre el nostre patrimoni i cultura. Organitzat per l\u2019Ajuntament de Sant Josep, el Consell d\u2019Eivissa i el Parc Natural [&hellip;]<\/p>\n","protected":false},"author":1,"featured_media":21328,"comment_status":"open","ping_status":"open","sticky":false,"template":"","format":"standard","meta":{"_acf_changed":false,"inline_featured_image":false,"footnotes":""},"categories":[208],"tags":[],"class_list":["post-12558","post","type-post","status-publish","format-standard","has-post-thumbnail","hentry","category-esdeveniments-ca"],"acf":[],"geo":null,"yoast_head":"<!-- This site is optimized with the Yoast SEO plugin v25.7 - https:\/\/yoast.com\/wordpress\/plugins\/seo\/ -->\n<title>Fira de la Sal - Santjosep.net<\/title>\n<meta name=\"robots\" content=\"index, follow, max-snippet:-1, max-image-preview:large, max-video-preview:-1\" \/>\n<link rel=\"canonical\" href=\"https:\/\/www.santjosep.net\/ca\/fira-la-sal\/\" \/>\n<meta property=\"og:locale\" content=\"ca_ES\" \/>\n<meta property=\"og:type\" content=\"article\" \/>\n<meta property=\"og:title\" content=\"Fira de la Sal - Santjosep.net\" \/>\n<meta property=\"og:description\" content=\"A l\u2019octubre es celebra a les Salines d\u2019Eivissa la Fira de la Sal, un nou esdeveniment tur\u00edstic i cultural enfocat a difondre el nostre patrimoni i cultura. Organitzat per l\u2019Ajuntament de Sant Josep, el Consell d\u2019Eivissa i el Parc Natural [&hellip;]\" \/>\n<meta property=\"og:url\" content=\"https:\/\/www.santjosep.net\/ca\/fira-la-sal\/\" \/>\n<meta property=\"og:site_name\" content=\"Santjosep.net\" \/>\n<meta property=\"article:published_time\" content=\"2017-11-23T11:57:34+00:00\" \/>\n<meta property=\"article:modified_time\" content=\"2020-01-23T17:21:18+00:00\" \/>\n<meta property=\"og:image\" content=\"https:\/\/www.santjosep.net\/wp-content\/uploads\/2017\/11\/firadelasalold-1.jpg\" \/>\n\t<meta property=\"og:image:width\" content=\"2000\" \/>\n\t<meta property=\"og:image:height\" content=\"1500\" \/>\n\t<meta property=\"og:image:type\" content=\"image\/jpeg\" \/>\n<meta name=\"author\" content=\"Sant Josep\" \/>\n<meta name=\"twitter:card\" content=\"summary_large_image\" \/>\n<meta name=\"twitter:label1\" content=\"Escrit per\" \/>\n\t<meta name=\"twitter:data1\" content=\"Sant Josep\" \/>\n\t<meta name=\"twitter:label2\" content=\"Temps estimat de lectura\" \/>\n\t<meta name=\"twitter:data2\" content=\"4 minuts\" \/>\n<script type=\"application\/ld+json\" class=\"yoast-schema-graph\">{\"@context\":\"https:\/\/schema.org\",\"@graph\":[{\"@type\":\"WebPage\",\"@id\":\"https:\/\/www.santjosep.net\/ca\/fira-la-sal\/\",\"url\":\"https:\/\/www.santjosep.net\/ca\/fira-la-sal\/\",\"name\":\"Fira de la Sal - Santjosep.net\",\"isPartOf\":{\"@id\":\"https:\/\/www.santjosep.net\/#website\"},\"primaryImageOfPage\":{\"@id\":\"https:\/\/www.santjosep.net\/ca\/fira-la-sal\/#primaryimage\"},\"image\":{\"@id\":\"https:\/\/www.santjosep.net\/ca\/fira-la-sal\/#primaryimage\"},\"thumbnailUrl\":\"https:\/\/www.santjosep.net\/wp-content\/uploads\/2017\/11\/firadelasalold-1.jpg\",\"datePublished\":\"2017-11-23T11:57:34+00:00\",\"dateModified\":\"2020-01-23T17:21:18+00:00\",\"author\":{\"@id\":\"https:\/\/www.santjosep.net\/#\/schema\/person\/b60e56f94e4e55776eb62bf4293f99b6\"},\"inLanguage\":\"ca\",\"potentialAction\":[{\"@type\":\"ReadAction\",\"target\":[\"https:\/\/www.santjosep.net\/ca\/fira-la-sal\/\"]}]},{\"@type\":\"ImageObject\",\"inLanguage\":\"ca\",\"@id\":\"https:\/\/www.santjosep.net\/ca\/fira-la-sal\/#primaryimage\",\"url\":\"https:\/\/www.santjosep.net\/wp-content\/uploads\/2017\/11\/firadelasalold-1.jpg\",\"contentUrl\":\"https:\/\/www.santjosep.net\/wp-content\/uploads\/2017\/11\/firadelasalold-1.jpg\",\"width\":2000,\"height\":1500},{\"@type\":\"WebSite\",\"@id\":\"https:\/\/www.santjosep.net\/#website\",\"url\":\"https:\/\/www.santjosep.net\/\",\"name\":\"Santjosep.net\",\"description\":\"\",\"potentialAction\":[{\"@type\":\"SearchAction\",\"target\":{\"@type\":\"EntryPoint\",\"urlTemplate\":\"https:\/\/www.santjosep.net\/?s={search_term_string}\"},\"query-input\":{\"@type\":\"PropertyValueSpecification\",\"valueRequired\":true,\"valueName\":\"search_term_string\"}}],\"inLanguage\":\"ca\"},{\"@type\":\"Person\",\"@id\":\"https:\/\/www.santjosep.net\/#\/schema\/person\/b60e56f94e4e55776eb62bf4293f99b6\",\"name\":\"Sant Josep\",\"image\":{\"@type\":\"ImageObject\",\"inLanguage\":\"ca\",\"@id\":\"https:\/\/www.santjosep.net\/#\/schema\/person\/image\/\",\"url\":\"https:\/\/secure.gravatar.com\/avatar\/2f4071817a97d2499c5aae9674ee15015b5a3c7c0974ca84f095a8e4aadcda56?s=96&d=mm&r=g\",\"contentUrl\":\"https:\/\/secure.gravatar.com\/avatar\/2f4071817a97d2499c5aae9674ee15015b5a3c7c0974ca84f095a8e4aadcda56?s=96&d=mm&r=g\",\"caption\":\"Sant Josep\"},\"url\":\"https:\/\/www.santjosep.net\/ca\/author\/fugrafic\/\"}]}<\/script>\n<!-- \/ Yoast SEO plugin. -->","yoast_head_json":{"title":"Fira de la Sal - Santjosep.net","robots":{"index":"index","follow":"follow","max-snippet":"max-snippet:-1","max-image-preview":"max-image-preview:large","max-video-preview":"max-video-preview:-1"},"canonical":"https:\/\/www.santjosep.net\/ca\/fira-la-sal\/","og_locale":"ca_ES","og_type":"article","og_title":"Fira de la Sal - Santjosep.net","og_description":"A l\u2019octubre es celebra a les Salines d\u2019Eivissa la Fira de la Sal, un nou esdeveniment tur\u00edstic i cultural enfocat a difondre el nostre patrimoni i cultura. Organitzat per l\u2019Ajuntament de Sant Josep, el Consell d\u2019Eivissa i el Parc Natural [&hellip;]","og_url":"https:\/\/www.santjosep.net\/ca\/fira-la-sal\/","og_site_name":"Santjosep.net","article_published_time":"2017-11-23T11:57:34+00:00","article_modified_time":"2020-01-23T17:21:18+00:00","og_image":[{"width":2000,"height":1500,"url":"https:\/\/www.santjosep.net\/wp-content\/uploads\/2017\/11\/firadelasalold-1.jpg","type":"image\/jpeg"}],"author":"Sant Josep","twitter_card":"summary_large_image","twitter_misc":{"Escrit per":"Sant Josep","Temps estimat de lectura":"4 minuts"},"schema":{"@context":"https:\/\/schema.org","@graph":[{"@type":"WebPage","@id":"https:\/\/www.santjosep.net\/ca\/fira-la-sal\/","url":"https:\/\/www.santjosep.net\/ca\/fira-la-sal\/","name":"Fira de la Sal - Santjosep.net","isPartOf":{"@id":"https:\/\/www.santjosep.net\/#website"},"primaryImageOfPage":{"@id":"https:\/\/www.santjosep.net\/ca\/fira-la-sal\/#primaryimage"},"image":{"@id":"https:\/\/www.santjosep.net\/ca\/fira-la-sal\/#primaryimage"},"thumbnailUrl":"https:\/\/www.santjosep.net\/wp-content\/uploads\/2017\/11\/firadelasalold-1.jpg","datePublished":"2017-11-23T11:57:34+00:00","dateModified":"2020-01-23T17:21:18+00:00","author":{"@id":"https:\/\/www.santjosep.net\/#\/schema\/person\/b60e56f94e4e55776eb62bf4293f99b6"},"inLanguage":"ca","potentialAction":[{"@type":"ReadAction","target":["https:\/\/www.santjosep.net\/ca\/fira-la-sal\/"]}]},{"@type":"ImageObject","inLanguage":"ca","@id":"https:\/\/www.santjosep.net\/ca\/fira-la-sal\/#primaryimage","url":"https:\/\/www.santjosep.net\/wp-content\/uploads\/2017\/11\/firadelasalold-1.jpg","contentUrl":"https:\/\/www.santjosep.net\/wp-content\/uploads\/2017\/11\/firadelasalold-1.jpg","width":2000,"height":1500},{"@type":"WebSite","@id":"https:\/\/www.santjosep.net\/#website","url":"https:\/\/www.santjosep.net\/","name":"Santjosep.net","description":"","potentialAction":[{"@type":"SearchAction","target":{"@type":"EntryPoint","urlTemplate":"https:\/\/www.santjosep.net\/?s={search_term_string}"},"query-input":{"@type":"PropertyValueSpecification","valueRequired":true,"valueName":"search_term_string"}}],"inLanguage":"ca"},{"@type":"Person","@id":"https:\/\/www.santjosep.net\/#\/schema\/person\/b60e56f94e4e55776eb62bf4293f99b6","name":"Sant Josep","image":{"@type":"ImageObject","inLanguage":"ca","@id":"https:\/\/www.santjosep.net\/#\/schema\/person\/image\/","url":"https:\/\/secure.gravatar.com\/avatar\/2f4071817a97d2499c5aae9674ee15015b5a3c7c0974ca84f095a8e4aadcda56?s=96&d=mm&r=g","contentUrl":"https:\/\/secure.gravatar.com\/avatar\/2f4071817a97d2499c5aae9674ee15015b5a3c7c0974ca84f095a8e4aadcda56?s=96&d=mm&r=g","caption":"Sant Josep"},"url":"https:\/\/www.santjosep.net\/ca\/author\/fugrafic\/"}]}},"_links":{"self":[{"href":"https:\/\/www.santjosep.net\/ca\/wp-json\/wp\/v2\/posts\/12558","targetHints":{"allow":["GET"]}}],"collection":[{"href":"https:\/\/www.santjosep.net\/ca\/wp-json\/wp\/v2\/posts"}],"about":[{"href":"https:\/\/www.santjosep.net\/ca\/wp-json\/wp\/v2\/types\/post"}],"author":[{"embeddable":true,"href":"https:\/\/www.santjosep.net\/ca\/wp-json\/wp\/v2\/users\/1"}],"replies":[{"embeddable":true,"href":"https:\/\/www.santjosep.net\/ca\/wp-json\/wp\/v2\/comments?post=12558"}],"version-history":[{"count":0,"href":"https:\/\/www.santjosep.net\/ca\/wp-json\/wp\/v2\/posts\/12558\/revisions"}],"wp:featuredmedia":[{"embeddable":true,"href":"https:\/\/www.santjosep.net\/ca\/wp-json\/wp\/v2\/media\/21328"}],"wp:attachment":[{"href":"https:\/\/www.santjosep.net\/ca\/wp-json\/wp\/v2\/media?parent=12558"}],"wp:term":[{"taxonomy":"category","embeddable":true,"href":"https:\/\/www.santjosep.net\/ca\/wp-json\/wp\/v2\/categories?post=12558"},{"taxonomy":"post_tag","embeddable":true,"href":"https:\/\/www.santjosep.net\/ca\/wp-json\/wp\/v2\/tags?post=12558"}],"curies":[{"name":"wp","href":"https:\/\/api.w.org\/{rel}","templated":true}]}}