{"id":35422,"global_id":"www.santjosep.net\/ca\/?id=35422","global_id_lineage":["www.santjosep.net\/ca\/?id=35422"],"author":"1","status":"publish","date":"2024-11-06 09:19:24","date_utc":"2024-11-06 08:19:24","modified":"2024-11-12 10:18:12","modified_utc":"2024-11-12 09:18:12","url":"https:\/\/www.santjosep.net\/ca\/esdeveniment\/i-edicion-del-festival-sant-josep-es-foto\/","rest_url":"https:\/\/www.santjosep.net\/ca\/wp-json\/tribe\/events\/v1\/events\/35422","title":"I edici\u00f3n del festival \u2018Sant Josep \u00e9s Foto\u2019","description":"<h3>Sant Josep de sa Talaia acollir\u00e0 una espectacular primera edici\u00f3 del festival \u2018Sant Josep \u00e9s Foto\u2019, l&#8217;abril de 2025<\/h3>\n<p>A partir de l&#8217;any vinent, l&#8217;abril es convertir\u00e0 en el mes de la fotografia a Eivissa. El municipi de Sant Josep de sa Talaia, el m\u00e9s extens i variat, tant geogr\u00e0ficament com culturalment, acollir\u00e0 la primera edici\u00f3 del festival \u2018<a href=\"https:\/\/www.santjosepesfoto.com\/\">Sant Josep \u00e9s Foto<\/a>\u2019, amb un ampli i ambici\u00f3s programa d&#8217;esdeveniments que tindr\u00e0 el seu epicentre a l&#8217;Auditori Cal\u00f3 de s&#8217;Oli. Aquest emblem\u00e0tic recinte cultural destaca per la seva ubicaci\u00f3 costanera, literalment arran de mar, i per la seva espectacular arquitectura d&#8217;avantguarda.<\/p>","excerpt":"","slug":"i-edicion-del-festival-sant-josep-es-foto","image":{"url":"https:\/\/www.santjosep.net\/wp-content\/uploads\/2024\/11\/shutterstock_289575698.jpg","id":35356,"extension":"jpg","width":1000,"height":664,"sizes":{"medium":{"width":300,"height":199,"mime-type":"image\/jpeg","url":"https:\/\/www.santjosep.net\/wp-content\/uploads\/2024\/11\/shutterstock_289575698-300x199.jpg"},"thumbnail":{"width":150,"height":150,"mime-type":"image\/jpeg","url":"https:\/\/www.santjosep.net\/wp-content\/uploads\/2024\/11\/shutterstock_289575698-150x150.jpg"},"medium_large":{"width":768,"height":510,"mime-type":"image\/jpeg","url":"https:\/\/www.santjosep.net\/wp-content\/uploads\/2024\/11\/shutterstock_289575698-768x510.jpg"},"atmosphere_edge_landscape":{"width":800,"height":600,"mime-type":"image\/jpeg","url":"https:\/\/www.santjosep.net\/wp-content\/uploads\/2024\/11\/shutterstock_289575698-800x600.jpg"},"atmosphere_edge_image_square":{"width":550,"height":550,"mime-type":"image\/jpeg","url":"https:\/\/www.santjosep.net\/wp-content\/uploads\/2024\/11\/shutterstock_289575698-550x550.jpg"},"atmosphere_edge_image_landscape":{"width":1000,"height":550,"mime-type":"image\/jpeg","url":"https:\/\/www.santjosep.net\/wp-content\/uploads\/2024\/11\/shutterstock_289575698-1000x550.jpg"},"atmosphere_edge_image_portrait":{"width":550,"height":664,"mime-type":"image\/jpeg","url":"https:\/\/www.santjosep.net\/wp-content\/uploads\/2024\/11\/shutterstock_289575698-550x664.jpg"}}},"all_day":true,"start_date":"2025-04-01 00:00:00","start_date_details":{"year":"2025","month":"04","day":"01","hour":"00","minutes":"00","seconds":"00"},"end_date":"2025-04-27 23:59:59","end_date_details":{"year":"2025","month":"04","day":"27","hour":"23","minutes":"59","seconds":"59"},"utc_start_date":"2025-03-31 22:00:00","utc_start_date_details":{"year":"2025","month":"03","day":"31","hour":"22","minutes":"00","seconds":"00"},"utc_end_date":"2025-04-27 21:59:59","utc_end_date_details":{"year":"2025","month":"04","day":"27","hour":"21","minutes":"59","seconds":"59"},"timezone":"Europe\/Madrid","timezone_abbr":"CEST","cost":"","cost_details":{"currency_symbol":"","currency_code":"","currency_position":"prefix","values":[]},"website":"https:\/\/www.santjosepesfoto.com\/","show_map":true,"show_map_link":true,"hide_from_listings":false,"sticky":false,"featured":false,"categories":[{"name":"Cultura","slug":"cultura","term_group":0,"term_taxonomy_id":191,"taxonomy":"tribe_events_cat","description":"","parent":0,"count":141,"filter":"raw","id":187,"urls":{"self":"https:\/\/www.santjosep.net\/ca\/wp-json\/tribe\/events\/v1\/categories\/187","collection":"https:\/\/www.santjosep.net\/ca\/wp-json\/tribe\/events\/v1\/categories"}}],"tags":[],"venue":{"id":25178,"author":"1","status":"publish","date":"2021-07-25 10:39:54","date_utc":"2021-07-25 08:39:54","modified":"2021-07-25 10:39:54","modified_utc":"2021-07-25 08:39:54","url":"https:\/\/www.santjosep.net\/recinte\/calo-de-soli\/","venue":"Cal\u00f3 de s\u2019Oli","slug":"calo-de-soli","json_ld":{"@type":"Place","name":"Cal\u00f3 de s\u2019Oli","description":"","url":"https:\/\/www.santjosep.net\/recinte\/calo-de-soli\/","address":{"@type":"PostalAddress"},"telephone":"","sameAs":""},"show_map":true,"show_map_link":true,"global_id":"www.santjosep.net\/ca\/?id=25178","global_id_lineage":["www.santjosep.net\/ca\/?id=25178"]},"organizer":[],"custom_fields":[],"json_ld":{"@context":"http:\/\/schema.org","@type":"Event","name":"I edici\u00f3n del festival \u2018Sant Josep \u00e9s Foto\u2019","description":"&lt;p&gt;Sant Josep de sa Talaia acollir\u00e0 una espectacular primera edici\u00f3 del festival \u2018Sant Josep \u00e9s Foto\u2019, l\\'abril de 2025 A partir de l\\'any vinent, l\\'abril es convertir\u00e0 en el mes de la fotografia a Eivissa. El municipi de Sant Josep [&hellip;]&lt;\/p&gt;\\n","image":"https:\/\/www.santjosep.net\/wp-content\/uploads\/2024\/11\/shutterstock_289575698.jpg","url":"https:\/\/www.santjosep.net\/ca\/esdeveniment\/i-edicion-del-festival-sant-josep-es-foto\/","eventAttendanceMode":"https:\/\/schema.org\/OfflineEventAttendanceMode","eventStatus":"https:\/\/schema.org\/EventScheduled","startDate":"2025-04-01T00:00:00+02:00","endDate":"2025-04-27T23:59:59+02:00","location":{"@type":"Place","name":"Cal\u00f3 de s\u2019Oli","description":"","url":"https:\/\/www.santjosep.net\/recinte\/calo-de-soli\/","address":{"@type":"PostalAddress"},"telephone":"","sameAs":""},"performer":"Organization"}}