{"id":35216,"global_id":"www.santjosep.net\/ca\/?id=35216","global_id_lineage":["www.santjosep.net\/ca\/?id=35216"],"author":"1","status":"publish","date":"2024-05-15 15:06:22","date_utc":"2024-05-15 13:06:22","modified":"2024-05-15 15:06:22","modified_utc":"2024-05-15 13:06:22","url":"https:\/\/www.santjosep.net\/ca\/esdeveniment\/i-fira-de-sa-patata-eivissenca\/","rest_url":"https:\/\/www.santjosep.net\/ca\/wp-json\/tribe\/events\/v1\/events\/35216","title":"I Fira de sa Patata Eivissenca","description":"<p>Una jornada gastron\u00f2mica amb pon\u00e8ncies, &#8216;showcookings&#8217;, degustacions, activitats infantils i un concurs on participaran els bars i restaurants del poble.<\/p>\n<p>A partir de les 12 del migdia, vine a degustar les millors receptes i a con\u00e9ixer amb m\u00e9s detall un dels b\u00e9ns m\u00e9s preciats que ens ofereix el nostre camp.<\/p>\n<p><img loading=\"lazy\" decoding=\"async\" class=\"alignnone size-full wp-image-22318\" src=\"https:\/\/cultura.santjosep.org\/wp-content\/uploads\/2024\/05\/WhatsApp-Image-2024-05-15-at-14.49.36.jpeg\" alt=\"\" width=\"1142\" height=\"1600\" \/><\/p>","excerpt":"","slug":"i-fira-de-sa-patata-eivissenca","image":{"url":"https:\/\/www.santjosep.net\/wp-content\/uploads\/2024\/05\/DSC01617.jpg","id":35211,"extension":"jpg","width":1200,"height":1500,"sizes":{"medium":{"width":240,"height":300,"mime-type":"image\/jpeg","url":"https:\/\/www.santjosep.net\/wp-content\/uploads\/2024\/05\/DSC01617-240x300.jpg"},"large":{"width":819,"height":1024,"mime-type":"image\/jpeg","url":"https:\/\/www.santjosep.net\/wp-content\/uploads\/2024\/05\/DSC01617-819x1024.jpg"},"thumbnail":{"width":150,"height":150,"mime-type":"image\/jpeg","url":"https:\/\/www.santjosep.net\/wp-content\/uploads\/2024\/05\/DSC01617-150x150.jpg"},"medium_large":{"width":768,"height":960,"mime-type":"image\/jpeg","url":"https:\/\/www.santjosep.net\/wp-content\/uploads\/2024\/05\/DSC01617-768x960.jpg"},"atmosphere_edge_landscape":{"width":800,"height":600,"mime-type":"image\/jpeg","url":"https:\/\/www.santjosep.net\/wp-content\/uploads\/2024\/05\/DSC01617-800x600.jpg"},"atmosphere_edge_image_square":{"width":550,"height":550,"mime-type":"image\/jpeg","url":"https:\/\/www.santjosep.net\/wp-content\/uploads\/2024\/05\/DSC01617-550x550.jpg"},"atmosphere_edge_image_landscape":{"width":1100,"height":550,"mime-type":"image\/jpeg","url":"https:\/\/www.santjosep.net\/wp-content\/uploads\/2024\/05\/DSC01617-1100x550.jpg"},"atmosphere_edge_image_portrait":{"width":550,"height":1100,"mime-type":"image\/jpeg","url":"https:\/\/www.santjosep.net\/wp-content\/uploads\/2024\/05\/DSC01617-550x1100.jpg"},"atmosphere_edge_image_huge":{"width":1100,"height":1100,"mime-type":"image\/jpeg","url":"https:\/\/www.santjosep.net\/wp-content\/uploads\/2024\/05\/DSC01617-1100x1100.jpg"}}},"all_day":true,"start_date":"2024-05-18 00:00:00","start_date_details":{"year":"2024","month":"05","day":"18","hour":"00","minutes":"00","seconds":"00"},"end_date":"2024-05-18 23:59:59","end_date_details":{"year":"2024","month":"05","day":"18","hour":"23","minutes":"59","seconds":"59"},"utc_start_date":"2024-05-17 22:00:00","utc_start_date_details":{"year":"2024","month":"05","day":"17","hour":"22","minutes":"00","seconds":"00"},"utc_end_date":"2024-05-18 21:59:59","utc_end_date_details":{"year":"2024","month":"05","day":"18","hour":"21","minutes":"59","seconds":"59"},"timezone":"Europe\/Madrid","timezone_abbr":"CEST","cost":"","cost_details":{"currency_symbol":"","currency_code":"","currency_position":"prefix","values":[]},"website":"","show_map":true,"show_map_link":true,"hide_from_listings":false,"sticky":false,"featured":false,"categories":[{"name":"Gastronomia","slug":"gastronomia","term_group":0,"term_taxonomy_id":208,"taxonomy":"tribe_events_cat","description":"","parent":0,"count":11,"filter":"raw","id":204,"urls":{"self":"https:\/\/www.santjosep.net\/ca\/wp-json\/tribe\/events\/v1\/categories\/204","collection":"https:\/\/www.santjosep.net\/ca\/wp-json\/tribe\/events\/v1\/categories"}}],"tags":[],"venue":{"id":4555,"author":"1","status":"publish","date":"2016-01-20 14:44:02","date_utc":"2016-01-20 14:44:02","modified":"2020-12-02 11:37:16","modified_utc":"2020-12-02 10:37:16","url":"https:\/\/www.santjosep.net\/recinte\/sant-josep-de-sa-talaia-2\/","venue":"Sant Josep de Sa Talaia","slug":"sant-josep-de-sa-talaia-2","geo_lat":38.9214594575550023591858916915953159332275390625,"geo_lng":1.2943988324133000045179642256698571145534515380859375,"json_ld":{"@type":"Place","name":"Sant Josep de Sa Talaia","description":"","url":"https:\/\/www.santjosep.net\/recinte\/sant-josep-de-sa-talaia-2\/","address":{"@type":"PostalAddress"},"geo":{"@type":"GeoCoordinates","latitude":38.9214594575550023591858916915953159332275390625,"longitude":1.2943988324133000045179642256698571145534515380859375},"telephone":"","sameAs":""},"show_map":false,"show_map_link":true,"global_id":"www.santjosep.net\/ca\/?id=4555","global_id_lineage":["www.santjosep.net\/ca\/?id=4555"]},"organizer":[],"custom_fields":[],"json_ld":{"@context":"http:\/\/schema.org","@type":"Event","name":"I Fira de sa Patata Eivissenca","description":"&lt;p&gt;Una jornada gastron\u00f2mica amb pon\u00e8ncies, \\'showcookings\\', degustacions, activitats infantils i un concurs on participaran els bars i restaurants del poble. A partir de les 12 del migdia, vine a degustar les millors receptes i a con\u00e9ixer amb m\u00e9s detall un [&hellip;]&lt;\/p&gt;\\n","image":"https:\/\/www.santjosep.net\/wp-content\/uploads\/2024\/05\/DSC01617.jpg","url":"https:\/\/www.santjosep.net\/ca\/esdeveniment\/i-fira-de-sa-patata-eivissenca\/","eventAttendanceMode":"https:\/\/schema.org\/OfflineEventAttendanceMode","eventStatus":"https:\/\/schema.org\/EventScheduled","startDate":"2024-05-18T00:00:00+02:00","endDate":"2024-05-18T23:59:59+02:00","location":{"@type":"Place","name":"Sant Josep de Sa Talaia","description":"","url":"https:\/\/www.santjosep.net\/recinte\/sant-josep-de-sa-talaia-2\/","address":{"@type":"PostalAddress"},"geo":{"@type":"GeoCoordinates","latitude":38.9214594575550023591858916915953159332275390625,"longitude":1.2943988324133000045179642256698571145534515380859375},"telephone":"","sameAs":""},"performer":"Organization"}}