{"id":32661,"global_id":"www.santjosep.net\/ca\/?id=32661","global_id_lineage":["www.santjosep.net\/ca\/?id=32661"],"author":"1","status":"publish","date":"2022-07-05 14:06:04","date_utc":"2022-07-05 12:06:04","modified":"2022-07-05 14:06:04","modified_utc":"2022-07-05 12:06:04","url":"https:\/\/www.santjosep.net\/ca\/esdeveniment\/ii-edicio-festival-badia-de-portmany-concert-sonic\/","rest_url":"https:\/\/www.santjosep.net\/ca\/wp-json\/tribe\/events\/v1\/events\/32661","title":"II Edici\u00f3 Festival Badia de Portmany : Concert &#8211; &#8216;S\u00f6nic&#8217;","description":"<p>21 h | Concert &#8211; &#8216;<strong>S\u00f6nic&#8217;<\/strong><\/p>\n<p><span dir=\"ltr\" role=\"presentation\">S\u00f6nic, \u00e9s un grup d\u2019amics de l\u2019illa que fan <\/span><span dir=\"ltr\" role=\"presentation\">versions de rock dels 80 i 90. Format per\u00a0 <\/span><span dir=\"ltr\" role=\"presentation\">excomponents de Pota Lait i Ses Genettes\u00a0 <\/span><span dir=\"ltr\" role=\"presentation\">Peludes, amb alguna incorporaci\u00f3\u00a0 <\/span><span dir=\"ltr\" role=\"presentation\">addicional.<\/span><\/p>\n<p>L&#8217;entrada ser\u00e0 lliure fins a completar cabuda.<\/p>","excerpt":"","slug":"ii-edicio-festival-badia-de-portmany-concert-sonic","image":{"url":"https:\/\/www.santjosep.net\/wp-content\/uploads\/2022\/07\/foto-So\u0308nic-1.jpg","id":32622,"extension":"jpg","width":1100,"height":880,"sizes":{"medium":{"width":300,"height":240,"mime-type":"image\/jpeg","url":"https:\/\/www.santjosep.net\/wp-content\/uploads\/2022\/07\/foto-So\u0308nic-1-300x240.jpg"},"large":{"width":1024,"height":819,"mime-type":"image\/jpeg","url":"https:\/\/www.santjosep.net\/wp-content\/uploads\/2022\/07\/foto-So\u0308nic-1-1024x819.jpg"},"thumbnail":{"width":150,"height":150,"mime-type":"image\/jpeg","url":"https:\/\/www.santjosep.net\/wp-content\/uploads\/2022\/07\/foto-So\u0308nic-1-150x150.jpg"},"medium_large":{"width":768,"height":614,"mime-type":"image\/jpeg","url":"https:\/\/www.santjosep.net\/wp-content\/uploads\/2022\/07\/foto-So\u0308nic-1-768x614.jpg"},"atmosphere_edge_landscape":{"width":800,"height":600,"mime-type":"image\/jpeg","url":"https:\/\/www.santjosep.net\/wp-content\/uploads\/2022\/07\/foto-So\u0308nic-1-800x600.jpg"},"atmosphere_edge_image_square":{"width":550,"height":550,"mime-type":"image\/jpeg","url":"https:\/\/www.santjosep.net\/wp-content\/uploads\/2022\/07\/foto-So\u0308nic-1-550x550.jpg"},"atmosphere_edge_image_landscape":{"width":1100,"height":550,"mime-type":"image\/jpeg","url":"https:\/\/www.santjosep.net\/wp-content\/uploads\/2022\/07\/foto-So\u0308nic-1-1100x550.jpg"},"atmosphere_edge_image_portrait":{"width":550,"height":880,"mime-type":"image\/jpeg","url":"https:\/\/www.santjosep.net\/wp-content\/uploads\/2022\/07\/foto-So\u0308nic-1-550x880.jpg"}}},"all_day":false,"start_date":"2022-07-30 21:00:00","start_date_details":{"year":"2022","month":"07","day":"30","hour":"21","minutes":"00","seconds":"00"},"end_date":"2022-07-30 21:00:00","end_date_details":{"year":"2022","month":"07","day":"30","hour":"21","minutes":"00","seconds":"00"},"utc_start_date":"2022-07-30 19:00:00","utc_start_date_details":{"year":"2022","month":"07","day":"30","hour":"19","minutes":"00","seconds":"00"},"utc_end_date":"2022-07-30 19:00:00","utc_end_date_details":{"year":"2022","month":"07","day":"30","hour":"19","minutes":"00","seconds":"00"},"timezone":"Europe\/Madrid","timezone_abbr":"CEST","cost":"","cost_details":{"currency_symbol":"","currency_code":"","currency_position":"prefix","values":[]},"website":"","show_map":true,"show_map_link":true,"hide_from_listings":false,"sticky":false,"featured":false,"categories":[{"name":"II Edici\u00f3 Festival Badia de Portmany","slug":"ii-edicio-festival-badia-de-portmany-ca","term_group":0,"term_taxonomy_id":398,"taxonomy":"tribe_events_cat","description":"","parent":0,"count":9,"filter":"raw","id":394,"urls":{"self":"https:\/\/www.santjosep.net\/ca\/wp-json\/tribe\/events\/v1\/categories\/394","collection":"https:\/\/www.santjosep.net\/ca\/wp-json\/tribe\/events\/v1\/categories"}}],"tags":[],"venue":{"id":25710,"author":"1","status":"publish","date":"2021-10-05 15:54:03","date_utc":"2021-10-05 13:54:03","modified":"2021-10-05 15:54:03","modified_utc":"2021-10-05 13:54:03","url":"https:\/\/www.santjosep.net\/recinte\/auditori-calo-de-soli\/","venue":"Auditori Cal\u00f3 de s&#8217;Oli","slug":"auditori-calo-de-soli","json_ld":{"@type":"Place","name":"Auditori Cal\u00f3 de s&#8217;Oli","description":"","url":"https:\/\/www.santjosep.net\/recinte\/auditori-calo-de-soli\/","address":{"@type":"PostalAddress"},"telephone":"","sameAs":""},"show_map":true,"show_map_link":true,"global_id":"www.santjosep.net\/ca\/?id=25710","global_id_lineage":["www.santjosep.net\/ca\/?id=25710"]},"organizer":[],"custom_fields":[],"json_ld":{"@context":"http:\/\/schema.org","@type":"Event","name":"II Edici\u00f3 Festival Badia de Portmany : Concert &#8211; &#8216;S\u00f6nic&#8217;","description":"&lt;p&gt;21 h | Concert - \\'S\u00f6nic\\' S\u00f6nic, \u00e9s un grup d\u2019amics de l\u2019illa que fan versions de rock dels 80 i 90. Format per\u00a0 excomponents de Pota Lait i Ses Genettes\u00a0 Peludes, amb alguna incorporaci\u00f3\u00a0 addicional. L\\'entrada ser\u00e0 lliure fins [&hellip;]&lt;\/p&gt;\\n","image":"https:\/\/www.santjosep.net\/wp-content\/uploads\/2022\/07\/foto-So\u0308nic-1.jpg","url":"https:\/\/www.santjosep.net\/ca\/esdeveniment\/ii-edicio-festival-badia-de-portmany-concert-sonic\/","eventAttendanceMode":"https:\/\/schema.org\/OfflineEventAttendanceMode","eventStatus":"https:\/\/schema.org\/EventScheduled","startDate":"2022-07-30T21:00:00+02:00","endDate":"2022-07-30T21:00:00+02:00","location":{"@type":"Place","name":"Auditori Cal\u00f3 de s&#8217;Oli","description":"","url":"https:\/\/www.santjosep.net\/recinte\/auditori-calo-de-soli\/","address":{"@type":"PostalAddress"},"telephone":"","sameAs":""},"performer":"Organization"}}