{"id":31549,"global_id":"www.santjosep.net\/ca\/?id=31549","global_id_lineage":["www.santjosep.net\/ca\/?id=31549"],"author":"1","status":"publish","date":"2022-02-03 15:15:01","date_utc":"2022-02-03 14:15:01","modified":"2022-02-03 15:16:12","modified_utc":"2022-02-03 14:16:12","url":"https:\/\/www.santjosep.net\/ca\/esdeveniment\/divendres-de-cine-amanda\/","rest_url":"https:\/\/www.santjosep.net\/ca\/wp-json\/tribe\/events\/v1\/events\/31549","title":"Divendres de cine \u2013 \u2018Amanda\u2019","description":"<p><strong>\u00abAmanda\u00bb | VOSE | 2018 |<\/strong><\/p>\n<p><strong>Duraci\u00f3:<\/strong> 107 min. Fran\u00e7a<br \/>\n<strong>Direcci\u00f3:<\/strong> Mikha\u00ebl Hers<br \/>\n<strong>Sinopsi: <\/strong>David, un jove de 20 anys que es guanya la vida fent petites feines, ha de fer-se c\u00e0rrec de la seva neboda de manera sobtada, amb tots els canvis que aix\u00f2 suposaran en el seu dia a dia.<br \/>\n<strong><br \/>\nEntrada lliure fins a completar aforament.<\/strong><\/p>","excerpt":"","slug":"divendres-de-cine-amanda","image":{"url":"https:\/\/www.santjosep.net\/wp-content\/uploads\/2022\/02\/Mi_vida_con_Amanda-286401277-large.jpg","id":31550,"extension":"jpg","width":620,"height":842,"sizes":{"medium":{"width":221,"height":300,"mime-type":"image\/jpeg","url":"https:\/\/www.santjosep.net\/wp-content\/uploads\/2022\/02\/Mi_vida_con_Amanda-286401277-large-221x300.jpg"},"thumbnail":{"width":150,"height":150,"mime-type":"image\/jpeg","url":"https:\/\/www.santjosep.net\/wp-content\/uploads\/2022\/02\/Mi_vida_con_Amanda-286401277-large-150x150.jpg"},"atmosphere_edge_landscape":{"width":620,"height":600,"mime-type":"image\/jpeg","url":"https:\/\/www.santjosep.net\/wp-content\/uploads\/2022\/02\/Mi_vida_con_Amanda-286401277-large-620x600.jpg"},"atmosphere_edge_image_square":{"width":550,"height":550,"mime-type":"image\/jpeg","url":"https:\/\/www.santjosep.net\/wp-content\/uploads\/2022\/02\/Mi_vida_con_Amanda-286401277-large-550x550.jpg"},"atmosphere_edge_image_landscape":{"width":620,"height":550,"mime-type":"image\/jpeg","url":"https:\/\/www.santjosep.net\/wp-content\/uploads\/2022\/02\/Mi_vida_con_Amanda-286401277-large-620x550.jpg"},"atmosphere_edge_image_portrait":{"width":550,"height":842,"mime-type":"image\/jpeg","url":"https:\/\/www.santjosep.net\/wp-content\/uploads\/2022\/02\/Mi_vida_con_Amanda-286401277-large-550x842.jpg"}}},"all_day":false,"start_date":"2022-02-11 20:00:00","start_date_details":{"year":"2022","month":"02","day":"11","hour":"20","minutes":"00","seconds":"00"},"end_date":"2022-02-11 20:00:00","end_date_details":{"year":"2022","month":"02","day":"11","hour":"20","minutes":"00","seconds":"00"},"utc_start_date":"2022-02-11 19:00:00","utc_start_date_details":{"year":"2022","month":"02","day":"11","hour":"19","minutes":"00","seconds":"00"},"utc_end_date":"2022-02-11 19:00:00","utc_end_date_details":{"year":"2022","month":"02","day":"11","hour":"19","minutes":"00","seconds":"00"},"timezone":"Europe\/Madrid","timezone_abbr":"CET","cost":"","cost_details":{"currency_symbol":"","currency_code":"","currency_position":"prefix","values":[]},"website":"","show_map":true,"show_map_link":true,"hide_from_listings":false,"sticky":false,"featured":false,"categories":[{"name":"Oci","slug":"oci","term_group":0,"term_taxonomy_id":207,"taxonomy":"tribe_events_cat","description":"","parent":0,"count":85,"filter":"raw","id":203,"urls":{"self":"https:\/\/www.santjosep.net\/ca\/wp-json\/tribe\/events\/v1\/categories\/203","collection":"https:\/\/www.santjosep.net\/ca\/wp-json\/tribe\/events\/v1\/categories"}}],"tags":[],"venue":{"id":4751,"author":"1","status":"publish","date":"2016-02-09 11:16:36","date_utc":"2016-02-09 11:16:36","modified":"2016-06-16 10:54:14","modified_utc":"2016-06-16 10:54:14","url":"https:\/\/www.santjosep.net\/recinte\/tapacine\/","venue":"Centro de Cultura Can Jeroni","slug":"tapacine","json_ld":{"@type":"Place","name":"Centro de Cultura Can Jeroni","description":"","url":"https:\/\/www.santjosep.net\/recinte\/tapacine\/","address":{"@type":"PostalAddress"},"telephone":"","sameAs":""},"show_map":true,"show_map_link":true,"global_id":"www.santjosep.net\/ca\/?id=4751","global_id_lineage":["www.santjosep.net\/ca\/?id=4751"]},"organizer":[],"custom_fields":[],"json_ld":{"@context":"http:\/\/schema.org","@type":"Event","name":"Divendres de cine \u2013 \u2018Amanda\u2019","description":"&lt;p&gt;\u00abAmanda\u00bb | VOSE | 2018 | Duraci\u00f3: 107 min. Fran\u00e7a Direcci\u00f3: Mikha\u00ebl Hers Sinopsi: David, un jove de 20 anys que es guanya la vida fent petites feines, ha de fer-se c\u00e0rrec de la seva neboda de manera sobtada, amb [&hellip;]&lt;\/p&gt;\\n","image":"https:\/\/www.santjosep.net\/wp-content\/uploads\/2022\/02\/Mi_vida_con_Amanda-286401277-large.jpg","url":"https:\/\/www.santjosep.net\/ca\/esdeveniment\/divendres-de-cine-amanda\/","eventAttendanceMode":"https:\/\/schema.org\/OfflineEventAttendanceMode","eventStatus":"https:\/\/schema.org\/EventScheduled","startDate":"2022-02-11T20:00:00+01:00","endDate":"2022-02-11T20:00:00+01:00","location":{"@type":"Place","name":"Centro de Cultura Can Jeroni","description":"","url":"https:\/\/www.santjosep.net\/recinte\/tapacine\/","address":{"@type":"PostalAddress"},"telephone":"","sameAs":""},"performer":"Organization"}}