{"id":14163,"global_id":"www.santjosep.net\/ca\/?id=14163","global_id_lineage":["www.santjosep.net\/ca\/?id=14163"],"author":"1","status":"publish","date":"2019-02-13 09:51:51","date_utc":"2019-02-13 09:51:51","modified":"2019-02-13 09:58:15","modified_utc":"2019-02-13 09:58:15","url":"https:\/\/www.santjosep.net\/ca\/esdeveniment\/pere-navarro-quintet-en-directo\/","rest_url":"https:\/\/www.santjosep.net\/ca\/wp-json\/tribe\/events\/v1\/events\/14163","title":"Pere Navarro en directe en Can Jeroni","description":"<p>Considerat actualment com un dels majors talents del panorama jazz\u00edstic nacional, Pere Navarro (trompetista, pianista, compositor i productor) ens presenta, despr\u00e9s de l\u2019exit\u00f3s Perenne, el segon \u00e0lbum, Pere Navarro Quintet Live in Madrid enregistrat en directe a la m\u00edtica sala madrilenya Recoletos Jazz.<\/p>\n<p>Pere Navarro, trompeta i composicions<br \/>\nJoan Carles Mar\u00ed, bateria<br \/>\nPep Colls, baix el\u00e8ctric<br \/>\nJoan Solana, piano<br \/>\nFerran Borrell, guitarra<\/p>\n<p>&nbsp;<\/p>","excerpt":"","slug":"pere-navarro-quintet-en-directo","image":{"url":"https:\/\/www.santjosep.net\/wp-content\/uploads\/2019\/02\/pere_navarro_jazz_ibiza.jpg","id":14159,"extension":"jpg","width":1200,"height":798,"sizes":{"thumbnail":{"width":150,"height":150,"mime-type":"image\/jpeg","url":"https:\/\/www.santjosep.net\/wp-content\/uploads\/2019\/02\/pere_navarro_jazz_ibiza-150x150.jpg"},"medium":{"width":300,"height":200,"mime-type":"image\/jpeg","url":"https:\/\/www.santjosep.net\/wp-content\/uploads\/2019\/02\/pere_navarro_jazz_ibiza-300x200.jpg"},"medium_large":{"width":768,"height":511,"mime-type":"image\/jpeg","url":"https:\/\/www.santjosep.net\/wp-content\/uploads\/2019\/02\/pere_navarro_jazz_ibiza-768x511.jpg"},"large":{"width":1024,"height":681,"mime-type":"image\/jpeg","url":"https:\/\/www.santjosep.net\/wp-content\/uploads\/2019\/02\/pere_navarro_jazz_ibiza-1024x681.jpg"},"portfolio-thumb":{"width":600,"height":403,"mime-type":"image\/jpeg","url":"https:\/\/www.santjosep.net\/wp-content\/uploads\/2019\/02\/pere_navarro_jazz_ibiza-600x403.jpg"},"portfolio-thumb_small":{"width":400,"height":269,"mime-type":"image\/jpeg","url":"https:\/\/www.santjosep.net\/wp-content\/uploads\/2019\/02\/pere_navarro_jazz_ibiza-400x269.jpg"},"portfolio-widget":{"width":100,"height":100,"mime-type":"image\/jpeg","url":"https:\/\/www.santjosep.net\/wp-content\/uploads\/2019\/02\/pere_navarro_jazz_ibiza-100x100.jpg"},"nectar_small_square":{"width":140,"height":140,"mime-type":"image\/jpeg","url":"https:\/\/www.santjosep.net\/wp-content\/uploads\/2019\/02\/pere_navarro_jazz_ibiza-140x140.jpg"},"wide":{"width":1000,"height":500,"mime-type":"image\/jpeg","url":"https:\/\/www.santjosep.net\/wp-content\/uploads\/2019\/02\/pere_navarro_jazz_ibiza-1000x500.jpg"},"wide_small":{"width":670,"height":335,"mime-type":"image\/jpeg","url":"https:\/\/www.santjosep.net\/wp-content\/uploads\/2019\/02\/pere_navarro_jazz_ibiza-670x335.jpg"},"regular":{"width":500,"height":500,"mime-type":"image\/jpeg","url":"https:\/\/www.santjosep.net\/wp-content\/uploads\/2019\/02\/pere_navarro_jazz_ibiza-500x500.jpg"},"regular_small":{"width":350,"height":350,"mime-type":"image\/jpeg","url":"https:\/\/www.santjosep.net\/wp-content\/uploads\/2019\/02\/pere_navarro_jazz_ibiza-350x350.jpg"},"tall":{"width":500,"height":798,"mime-type":"image\/jpeg","url":"https:\/\/www.santjosep.net\/wp-content\/uploads\/2019\/02\/pere_navarro_jazz_ibiza-500x798.jpg"},"wide_tall":{"width":1000,"height":798,"mime-type":"image\/jpeg","url":"https:\/\/www.santjosep.net\/wp-content\/uploads\/2019\/02\/pere_navarro_jazz_ibiza-1000x798.jpg"},"wide_photography":{"width":900,"height":600,"mime-type":"image\/jpeg","url":"https:\/\/www.santjosep.net\/wp-content\/uploads\/2019\/02\/pere_navarro_jazz_ibiza-900x600.jpg"},"large_featured":{"width":1200,"height":700,"mime-type":"image\/jpeg","url":"https:\/\/www.santjosep.net\/wp-content\/uploads\/2019\/02\/pere_navarro_jazz_ibiza-1200x700.jpg"},"medium_featured":{"width":800,"height":798,"mime-type":"image\/jpeg","url":"https:\/\/www.santjosep.net\/wp-content\/uploads\/2019\/02\/pere_navarro_jazz_ibiza-800x798.jpg"},"wp_rp_thumbnail":{"width":250,"height":167,"mime-type":"image\/jpeg","url":"https:\/\/www.santjosep.net\/wp-content\/uploads\/2019\/02\/pere_navarro_jazz_ibiza-250x167.jpg"}}},"all_day":false,"start_date":"2019-02-23 20:30:00","start_date_details":{"year":"2019","month":"02","day":"23","hour":"20","minutes":"30","seconds":"00"},"end_date":"2019-02-23 20:30:00","end_date_details":{"year":"2019","month":"02","day":"23","hour":"20","minutes":"30","seconds":"00"},"utc_start_date":"2019-02-23 20:30:00","utc_start_date_details":{"year":"2019","month":"02","day":"23","hour":"20","minutes":"30","seconds":"00"},"utc_end_date":"2019-02-23 20:30:00","utc_end_date_details":{"year":"2019","month":"02","day":"23","hour":"20","minutes":"30","seconds":"00"},"timezone":"UTC+0","timezone_abbr":"","cost":"","cost_details":{"currency_symbol":"","currency_code":"","currency_position":"prefix","values":[]},"website":"https:\/\/www.santjosep.org\/es\/agenda\/pere-navarro-quintet-live-in-madrid\/","show_map":true,"show_map_link":true,"hide_from_listings":false,"sticky":false,"featured":false,"categories":[{"name":"Cultura","slug":"cultura","term_group":0,"term_taxonomy_id":191,"taxonomy":"tribe_events_cat","description":"","parent":0,"count":141,"filter":"raw","id":187,"urls":{"self":"https:\/\/www.santjosep.net\/ca\/wp-json\/tribe\/events\/v1\/categories\/187","collection":"https:\/\/www.santjosep.net\/ca\/wp-json\/tribe\/events\/v1\/categories"}},{"name":"Oci","slug":"oci","term_group":0,"term_taxonomy_id":207,"taxonomy":"tribe_events_cat","description":"","parent":0,"count":85,"filter":"raw","id":203,"urls":{"self":"https:\/\/www.santjosep.net\/ca\/wp-json\/tribe\/events\/v1\/categories\/203","collection":"https:\/\/www.santjosep.net\/ca\/wp-json\/tribe\/events\/v1\/categories"}}],"tags":[],"venue":{"id":8801,"author":"1","status":"publish","date":"2017-03-02 09:29:13","date_utc":"2017-03-02 09:29:13","modified":"2020-11-10 11:14:55","modified_utc":"2020-11-10 10:14:55","url":"https:\/\/www.santjosep.net\/recinte\/centre-cultural-can-jeroni-12\/","venue":"Centre Cultural Can Jeroni","slug":"centre-cultural-can-jeroni-12","geo_lat":38.9217119999999994206518749706447124481201171875,"geo_lng":1.292861999999999955690554998000152409076690673828125,"json_ld":{"@type":"Place","name":"Centre Cultural Can Jeroni","description":"","url":"https:\/\/www.santjosep.net\/recinte\/centre-cultural-can-jeroni-12\/","address":{"@type":"PostalAddress"},"geo":{"@type":"GeoCoordinates","latitude":38.9217119999999994206518749706447124481201171875,"longitude":1.292861999999999955690554998000152409076690673828125},"telephone":"","sameAs":""},"show_map":true,"show_map_link":true,"global_id":"www.santjosep.net\/ca\/?id=8801","global_id_lineage":["www.santjosep.net\/ca\/?id=8801"]},"organizer":[{"id":6761,"author":"1","status":"publish","date":"2016-03-31 15:34:23","date_utc":"2016-03-31 15:34:23","modified":"2016-03-31 15:34:23","modified_utc":"2016-03-31 15:34:23","url":"https:\/\/www.santjosep.net\/en\/organitzador\/ajuntament-de-sant-josep-2\/","organizer":"Ajuntament de Sant Josep","slug":"ajuntament-de-sant-josep-2","json_ld":{"@type":"Person","name":"Ajuntament de Sant Josep","description":"","url":"","telephone":"","email":"","sameAs":""},"global_id":"www.santjosep.net\/ca\/?id=6761","global_id_lineage":["www.santjosep.net\/ca\/?id=6761"]}],"custom_fields":[],"json_ld":{"@context":"http:\/\/schema.org","@type":"Event","name":"Pere Navarro en directe en Can Jeroni","description":"&lt;p&gt;Considerat actualment com un dels majors talents del panorama jazz\u00edstic nacional, Pere Navarro (trompetista, pianista, compositor i productor) ens presenta, despr\u00e9s de l\u2019exit\u00f3s Perenne, el segon \u00e0lbum, Pere Navarro Quintet Live in Madrid enregistrat en directe a la m\u00edtica sala [&hellip;]&lt;\/p&gt;\\n","image":"https:\/\/www.santjosep.net\/wp-content\/uploads\/2019\/02\/pere_navarro_jazz_ibiza.jpg","url":"https:\/\/www.santjosep.net\/ca\/esdeveniment\/pere-navarro-quintet-en-directo\/","eventAttendanceMode":"https:\/\/schema.org\/OfflineEventAttendanceMode","eventStatus":"https:\/\/schema.org\/EventScheduled","startDate":"2019-02-23T20:30:00+00:00","endDate":"2019-02-23T20:30:00+00:00","location":{"@type":"Place","name":"Centre Cultural Can Jeroni","description":"","url":"https:\/\/www.santjosep.net\/recinte\/centre-cultural-can-jeroni-12\/","address":{"@type":"PostalAddress"},"geo":{"@type":"GeoCoordinates","latitude":38.9217119999999994206518749706447124481201171875,"longitude":1.292861999999999955690554998000152409076690673828125},"telephone":"","sameAs":""},"organizer":{"@type":"Person","name":"Ajuntament de Sant Josep","description":"","url":"","telephone":"","email":"","sameAs":""},"performer":"Organization"}}