{"id":13883,"global_id":"www.santjosep.net\/ca\/?id=13883","global_id_lineage":["www.santjosep.net\/ca\/?id=13883"],"author":"1","status":"publish","date":"2018-12-19 08:44:37","date_utc":"2018-12-19 08:44:37","modified":"2018-12-19 08:55:41","modified_utc":"2018-12-19 08:55:41","url":"https:\/\/www.santjosep.net\/ca\/esdeveniment\/excursion-de-pozo-a-pozo\/","rest_url":"https:\/\/www.santjosep.net\/ca\/wp-json\/tribe\/events\/v1\/events\/13883","title":"Excursi\u00f3 de pou a pou","description":"<p>Excursi\u00f3n y vista de los pozos y aljibes tradicionales de Sant Agust\u00ed.<\/p>\n<p>Sortida de l\u2019aljub de sa Quintana d\u2019en Berri (al costat de l\u2019aparcament de Sant Agust\u00ed, vora l\u2019esgl\u00e9sia). Es caminar\u00e0 pel pla de Sant Agust\u00ed \u2013 pou de Can Toni \u2013 pou de Can Xic.<br \/>\nDinar de senall\u00f3 i tornada aproximada a les 16.00 h.<br \/>\nHi haur\u00e0 jocs pagesos i ballada popular.<\/p>","excerpt":"","slug":"excursion-de-pozo-a-pozo","image":{"url":"https:\/\/www.santjosep.net\/wp-content\/uploads\/2018\/12\/pou_a_pou_excursio.jpg","id":13877,"extension":"jpg","width":1200,"height":798,"sizes":{"thumbnail":{"width":150,"height":150,"mime-type":"image\/jpeg","url":"https:\/\/www.santjosep.net\/wp-content\/uploads\/2018\/12\/pou_a_pou_excursio-150x150.jpg"},"medium":{"width":300,"height":200,"mime-type":"image\/jpeg","url":"https:\/\/www.santjosep.net\/wp-content\/uploads\/2018\/12\/pou_a_pou_excursio-300x200.jpg"},"medium_large":{"width":768,"height":511,"mime-type":"image\/jpeg","url":"https:\/\/www.santjosep.net\/wp-content\/uploads\/2018\/12\/pou_a_pou_excursio-768x511.jpg"},"large":{"width":1024,"height":681,"mime-type":"image\/jpeg","url":"https:\/\/www.santjosep.net\/wp-content\/uploads\/2018\/12\/pou_a_pou_excursio-1024x681.jpg"},"portfolio-thumb":{"width":600,"height":403,"mime-type":"image\/jpeg","url":"https:\/\/www.santjosep.net\/wp-content\/uploads\/2018\/12\/pou_a_pou_excursio-600x403.jpg"},"portfolio-thumb_small":{"width":400,"height":269,"mime-type":"image\/jpeg","url":"https:\/\/www.santjosep.net\/wp-content\/uploads\/2018\/12\/pou_a_pou_excursio-400x269.jpg"},"portfolio-widget":{"width":100,"height":100,"mime-type":"image\/jpeg","url":"https:\/\/www.santjosep.net\/wp-content\/uploads\/2018\/12\/pou_a_pou_excursio-100x100.jpg"},"nectar_small_square":{"width":140,"height":140,"mime-type":"image\/jpeg","url":"https:\/\/www.santjosep.net\/wp-content\/uploads\/2018\/12\/pou_a_pou_excursio-140x140.jpg"},"wide":{"width":1000,"height":500,"mime-type":"image\/jpeg","url":"https:\/\/www.santjosep.net\/wp-content\/uploads\/2018\/12\/pou_a_pou_excursio-1000x500.jpg"},"wide_small":{"width":670,"height":335,"mime-type":"image\/jpeg","url":"https:\/\/www.santjosep.net\/wp-content\/uploads\/2018\/12\/pou_a_pou_excursio-670x335.jpg"},"regular":{"width":500,"height":500,"mime-type":"image\/jpeg","url":"https:\/\/www.santjosep.net\/wp-content\/uploads\/2018\/12\/pou_a_pou_excursio-500x500.jpg"},"regular_small":{"width":350,"height":350,"mime-type":"image\/jpeg","url":"https:\/\/www.santjosep.net\/wp-content\/uploads\/2018\/12\/pou_a_pou_excursio-350x350.jpg"},"tall":{"width":500,"height":798,"mime-type":"image\/jpeg","url":"https:\/\/www.santjosep.net\/wp-content\/uploads\/2018\/12\/pou_a_pou_excursio-500x798.jpg"},"wide_tall":{"width":1000,"height":798,"mime-type":"image\/jpeg","url":"https:\/\/www.santjosep.net\/wp-content\/uploads\/2018\/12\/pou_a_pou_excursio-1000x798.jpg"},"wide_photography":{"width":900,"height":600,"mime-type":"image\/jpeg","url":"https:\/\/www.santjosep.net\/wp-content\/uploads\/2018\/12\/pou_a_pou_excursio-900x600.jpg"},"large_featured":{"width":1200,"height":700,"mime-type":"image\/jpeg","url":"https:\/\/www.santjosep.net\/wp-content\/uploads\/2018\/12\/pou_a_pou_excursio-1200x700.jpg"},"medium_featured":{"width":800,"height":798,"mime-type":"image\/jpeg","url":"https:\/\/www.santjosep.net\/wp-content\/uploads\/2018\/12\/pou_a_pou_excursio-800x798.jpg"},"wp_rp_thumbnail":{"width":250,"height":167,"mime-type":"image\/jpeg","url":"https:\/\/www.santjosep.net\/wp-content\/uploads\/2018\/12\/pou_a_pou_excursio-250x167.jpg"}}},"all_day":false,"start_date":"2018-12-30 10:30:00","start_date_details":{"year":"2018","month":"12","day":"30","hour":"10","minutes":"30","seconds":"00"},"end_date":"2018-12-30 16:00:00","end_date_details":{"year":"2018","month":"12","day":"30","hour":"16","minutes":"00","seconds":"00"},"utc_start_date":"2018-12-30 10:30:00","utc_start_date_details":{"year":"2018","month":"12","day":"30","hour":"10","minutes":"30","seconds":"00"},"utc_end_date":"2018-12-30 16:00:00","utc_end_date_details":{"year":"2018","month":"12","day":"30","hour":"16","minutes":"00","seconds":"00"},"timezone":"UTC+0","timezone_abbr":"","cost":"","cost_details":{"currency_symbol":"","currency_code":"","currency_position":"prefix","values":[]},"website":"","show_map":true,"show_map_link":true,"hide_from_listings":false,"sticky":false,"featured":false,"categories":[{"name":"Cultura","slug":"cultura","term_group":0,"term_taxonomy_id":191,"taxonomy":"tribe_events_cat","description":"","parent":0,"count":141,"filter":"raw","id":187,"urls":{"self":"https:\/\/www.santjosep.net\/ca\/wp-json\/tribe\/events\/v1\/categories\/187","collection":"https:\/\/www.santjosep.net\/ca\/wp-json\/tribe\/events\/v1\/categories"}},{"name":"Naturalesa","slug":"naturalesa","term_group":0,"term_taxonomy_id":218,"taxonomy":"tribe_events_cat","description":"","parent":0,"count":35,"filter":"raw","id":214,"urls":{"self":"https:\/\/www.santjosep.net\/ca\/wp-json\/tribe\/events\/v1\/categories\/214","collection":"https:\/\/www.santjosep.net\/ca\/wp-json\/tribe\/events\/v1\/categories"}},{"name":"Oci","slug":"oci","term_group":0,"term_taxonomy_id":207,"taxonomy":"tribe_events_cat","description":"","parent":0,"count":85,"filter":"raw","id":203,"urls":{"self":"https:\/\/www.santjosep.net\/ca\/wp-json\/tribe\/events\/v1\/categories\/203","collection":"https:\/\/www.santjosep.net\/ca\/wp-json\/tribe\/events\/v1\/categories"}}],"tags":[],"venue":{"id":4558,"author":"1","status":"publish","date":"2016-01-26 10:26:04","date_utc":"2016-01-26 10:26:04","modified":"2020-11-03 08:53:17","modified_utc":"2020-11-03 07:53:17","url":"https:\/\/www.santjosep.net\/recinte\/almendros-flor-espectaculo-la-naturaleza-sant-agusti-des-vedra\/","venue":"Sant Agust\u00ed des Vedr\u00e0","slug":"almendros-flor-espectaculo-la-naturaleza-sant-agusti-des-vedra","geo_lat":38.941000000000002501110429875552654266357421875,"geo_lng":1.2940100000000001045918907038867473602294921875,"json_ld":{"@type":"Place","name":"Sant Agust\u00ed des Vedr\u00e0","description":"","url":"https:\/\/www.santjosep.net\/recinte\/almendros-flor-espectaculo-la-naturaleza-sant-agusti-des-vedra\/","address":{"@type":"PostalAddress"},"geo":{"@type":"GeoCoordinates","latitude":38.941000000000002501110429875552654266357421875,"longitude":1.2940100000000001045918907038867473602294921875},"telephone":"","sameAs":""},"show_map":false,"show_map_link":true,"global_id":"www.santjosep.net\/ca\/?id=4558","global_id_lineage":["www.santjosep.net\/ca\/?id=4558"]},"organizer":[{"id":13882,"author":"1","status":"publish","date":"2018-12-19 08:44:38","date_utc":"2018-12-19 08:44:38","modified":"2018-12-19 08:44:38","modified_utc":"2018-12-19 08:44:38","url":"https:\/\/www.santjosep.net\/organitzador\/av-de-sant-agusti-cc-es-vedra-y-gf-sa-colla-des-vedra-2\/","organizer":"AV de Sant Agust\u00ed , CC Es Vedr\u00e0 y  GF sa Colla des Vedr\u00e0.","slug":"av-de-sant-agusti-cc-es-vedra-y-gf-sa-colla-des-vedra-2","json_ld":{"@type":"Person","name":"AV de Sant Agust\u00ed , CC Es Vedr\u00e0 y  GF sa Colla des Vedr\u00e0.","description":"","url":"","telephone":"","email":"","sameAs":""},"global_id":"www.santjosep.net\/ca\/?id=13882","global_id_lineage":["www.santjosep.net\/ca\/?id=13882"]}],"custom_fields":[],"json_ld":{"@context":"http:\/\/schema.org","@type":"Event","name":"Excursi\u00f3 de pou a pou","description":"&lt;p&gt;Excursi\u00f3n y vista de los pozos y aljibes tradicionales de Sant Agust\u00ed. Sortida de l\u2019aljub de sa Quintana d\u2019en Berri (al costat de l\u2019aparcament de Sant Agust\u00ed, vora l\u2019esgl\u00e9sia). Es caminar\u00e0 pel pla de Sant Agust\u00ed \u2013 pou de Can [&hellip;]&lt;\/p&gt;\\n","image":"https:\/\/www.santjosep.net\/wp-content\/uploads\/2018\/12\/pou_a_pou_excursio.jpg","url":"https:\/\/www.santjosep.net\/ca\/esdeveniment\/excursion-de-pozo-a-pozo\/","eventAttendanceMode":"https:\/\/schema.org\/OfflineEventAttendanceMode","eventStatus":"https:\/\/schema.org\/EventScheduled","startDate":"2018-12-30T10:30:00+00:00","endDate":"2018-12-30T16:00:00+00:00","location":{"@type":"Place","name":"Sant Agust\u00ed des Vedr\u00e0","description":"","url":"https:\/\/www.santjosep.net\/recinte\/almendros-flor-espectaculo-la-naturaleza-sant-agusti-des-vedra\/","address":{"@type":"PostalAddress"},"geo":{"@type":"GeoCoordinates","latitude":38.941000000000002501110429875552654266357421875,"longitude":1.2940100000000001045918907038867473602294921875},"telephone":"","sameAs":""},"organizer":{"@type":"Person","name":"AV de Sant Agust\u00ed , CC Es Vedr\u00e0 y  GF sa Colla des Vedr\u00e0.","description":"","url":"","telephone":"","email":"","sameAs":""},"performer":"Organization"}}