{"id":13124,"global_id":"www.santjosep.net\/ca\/?id=13124","global_id_lineage":["www.santjosep.net\/ca\/?id=13124"],"author":"1","status":"publish","date":"2018-08-07 08:34:00","date_utc":"2018-08-07 08:34:00","modified":"2018-08-07 08:38:24","modified_utc":"2018-08-07 08:38:24","url":"https:\/\/www.santjosep.net\/ca\/esdeveniment\/exposicion-las-pinturas-ramon-medina\/","rest_url":"https:\/\/www.santjosep.net\/ca\/wp-json\/tribe\/events\/v1\/events\/13124","title":"Exposici\u00f3 de les pintures de Ram\u00f3n Medina","description":"<p>Des el 10 d&#8217;agost fins al 2 de setembre podr\u00e0s visitar la mostra de pintures de\u00a0 la col\u00b7lecci\u00f3 de Ram\u00f3n Medina..<\/p>\n<p>Horari: de dimarts a diumenge de 10.30 h a 13.30 h<br \/>\nDijous, divendres i dissabte de 18.30 h a 21.30 h<br \/>\nDilluns tancat.<\/p>\n<p><img loading=\"lazy\" decoding=\"async\" class=\"alignnone size-full wp-image-13119\" src=\"https:\/\/www.santjosep.net\/wp-content\/uploads\/2018\/08\/Expo_Fundacion_R_Medina.jpg\" alt=\"\" width=\"827\" height=\"345\" srcset=\"https:\/\/www.santjosep.net\/wp-content\/uploads\/2018\/08\/Expo_Fundacion_R_Medina.jpg 827w, https:\/\/www.santjosep.net\/wp-content\/uploads\/2018\/08\/Expo_Fundacion_R_Medina-300x125.jpg 300w, https:\/\/www.santjosep.net\/wp-content\/uploads\/2018\/08\/Expo_Fundacion_R_Medina-768x320.jpg 768w\" sizes=\"auto, (max-width: 827px) 100vw, 827px\" \/><\/p>","excerpt":"","slug":"exposicion-las-pinturas-ramon-medina","image":{"url":"https:\/\/www.santjosep.net\/wp-content\/uploads\/2018\/07\/IMG_0501.jpg","id":12048,"extension":"jpg","width":1200,"height":800,"sizes":{"thumbnail":{"width":150,"height":150,"mime-type":"image\/jpeg","url":"https:\/\/www.santjosep.net\/wp-content\/uploads\/2018\/07\/IMG_0501-150x150.jpg"},"medium":{"width":300,"height":200,"mime-type":"image\/jpeg","url":"https:\/\/www.santjosep.net\/wp-content\/uploads\/2018\/07\/IMG_0501-300x200.jpg"},"medium_large":{"width":768,"height":512,"mime-type":"image\/jpeg","url":"https:\/\/www.santjosep.net\/wp-content\/uploads\/2018\/07\/IMG_0501-768x512.jpg"},"large":{"width":1024,"height":683,"mime-type":"image\/jpeg","url":"https:\/\/www.santjosep.net\/wp-content\/uploads\/2018\/07\/IMG_0501-1024x683.jpg"},"blog-widget":{"width":50,"height":50,"mime-type":"image\/jpeg","url":"https:\/\/www.santjosep.net\/wp-content\/uploads\/2018\/07\/IMG_0501-50x50.jpg"},"portfolio-thumb":{"width":600,"height":403,"mime-type":"image\/jpeg","url":"https:\/\/www.santjosep.net\/wp-content\/uploads\/2018\/07\/IMG_0501-600x403.jpg"},"portfolio-widget":{"width":100,"height":100,"mime-type":"image\/jpeg","url":"https:\/\/www.santjosep.net\/wp-content\/uploads\/2018\/07\/IMG_0501-100x100.jpg"},"wp_rp_thumbnail":{"width":250,"height":250,"mime-type":"image\/jpeg","url":"https:\/\/www.santjosep.net\/wp-content\/uploads\/2018\/07\/IMG_0501-250x250.jpg"}}},"all_day":true,"start_date":"2018-08-10 00:00:00","start_date_details":{"year":"2018","month":"08","day":"10","hour":"00","minutes":"00","seconds":"00"},"end_date":"2018-09-02 23:59:59","end_date_details":{"year":"2018","month":"09","day":"02","hour":"23","minutes":"59","seconds":"59"},"utc_start_date":"2018-08-10 00:00:00","utc_start_date_details":{"year":"2018","month":"08","day":"10","hour":"00","minutes":"00","seconds":"00"},"utc_end_date":"2018-09-02 23:59:59","utc_end_date_details":{"year":"2018","month":"09","day":"02","hour":"23","minutes":"59","seconds":"59"},"timezone":"UTC+0","timezone_abbr":"","cost":"","cost_details":{"currency_symbol":"","currency_code":"","currency_position":"prefix","values":[]},"website":"","show_map":true,"show_map_link":true,"hide_from_listings":false,"sticky":false,"featured":false,"categories":[{"name":"Cultura","slug":"cultura","term_group":0,"term_taxonomy_id":191,"taxonomy":"tribe_events_cat","description":"","parent":0,"count":141,"filter":"raw","id":187,"urls":{"self":"https:\/\/www.santjosep.net\/ca\/wp-json\/tribe\/events\/v1\/categories\/187","collection":"https:\/\/www.santjosep.net\/ca\/wp-json\/tribe\/events\/v1\/categories"}}],"tags":[],"venue":{"id":4728,"author":"1","status":"publish","date":"2016-02-04 07:51:37","date_utc":"2016-02-04 07:51:37","modified":"2020-10-06 16:33:05","modified_utc":"2020-10-06 14:33:05","url":"https:\/\/www.santjosep.net\/recinte\/sala-dexposicions-de-can-jeroni\/","venue":"Sala d&#8217;Exposicions de Can Jeroni","slug":"sala-dexposicions-de-can-jeroni","city":"Sant Josep de Sa Talaia","geo_lat":38.92175350000000122463461593724787235260009765625,"geo_lng":1.2934954000000000728931581761571578681468963623046875,"json_ld":{"@type":"Place","name":"Sala d&#8217;Exposicions de Can Jeroni","description":"","url":"https:\/\/www.santjosep.net\/recinte\/sala-dexposicions-de-can-jeroni\/","address":{"@type":"PostalAddress","addressLocality":"Sant Josep de Sa Talaia"},"geo":{"@type":"GeoCoordinates","latitude":38.92175350000000122463461593724787235260009765625,"longitude":1.2934954000000000728931581761571578681468963623046875},"telephone":"","sameAs":""},"show_map":true,"show_map_link":true,"global_id":"www.santjosep.net\/ca\/?id=4728","global_id_lineage":["www.santjosep.net\/ca\/?id=4728"]},"organizer":[],"custom_fields":[],"json_ld":{"@context":"http:\/\/schema.org","@type":"Event","name":"Exposici\u00f3 de les pintures de Ram\u00f3n Medina","description":"&lt;p&gt;Des el 10 d\\'agost fins al 2 de setembre podr\u00e0s visitar la mostra de pintures de\u00a0 la col\u00b7lecci\u00f3 de Ram\u00f3n Medina.. Horari: de dimarts a diumenge de 10.30 h a 13.30 h Dijous, divendres i dissabte de 18.30 h a [&hellip;]&lt;\/p&gt;\\n","image":"https:\/\/www.santjosep.net\/wp-content\/uploads\/2018\/07\/IMG_0501.jpg","url":"https:\/\/www.santjosep.net\/ca\/esdeveniment\/exposicion-las-pinturas-ramon-medina\/","eventAttendanceMode":"https:\/\/schema.org\/OfflineEventAttendanceMode","eventStatus":"https:\/\/schema.org\/EventScheduled","startDate":"2018-08-10T00:00:00+00:00","endDate":"2018-09-02T23:59:59+00:00","location":{"@type":"Place","name":"Sala d&#8217;Exposicions de Can Jeroni","description":"","url":"https:\/\/www.santjosep.net\/recinte\/sala-dexposicions-de-can-jeroni\/","address":{"@type":"PostalAddress","addressLocality":"Sant Josep de Sa Talaia"},"geo":{"@type":"GeoCoordinates","latitude":38.92175350000000122463461593724787235260009765625,"longitude":1.2934954000000000728931581761571578681468963623046875},"telephone":"","sameAs":""},"performer":"Organization"}}